{"id":14163,"date":"2021-07-21T17:34:10","date_gmt":"2021-07-21T15:34:10","guid":{"rendered":"https:\/\/lebenleben.de\/loewenwaldschule\/?p=14163"},"modified":"2024-05-28T14:18:16","modified_gmt":"2024-05-28T12:18:16","slug":"start-in-die-sommerferien-2021","status":"publish","type":"post","link":"https:\/\/lebenleben.de\/loewenwaldschule\/aktuelles\/2021\/07\/21\/start-in-die-sommerferien-2021\/","title":{"rendered":"&#8222;Leckerer Start&#8220; in die Sommerferien 2021"},"content":{"rendered":"\n<p>Hm &#8230;was hat ein Hamburger mit dem Start in die Sommerferien zu tun? Ganz einfach &#8230;in diesem Jahr durfte endlich wieder &#8220;&#8220;gefeiert&#8220; werden &#8211; wenn auch corona-bedingt ein bisschen anders als in den Vorjahren, aber alle teilnehmenden Sch\u00fcler:innen und ihre Fachlehrer:innen haben sich einfach nur dar\u00fcber gefreut, dass in diesem Jahr \u00fcberhaupt ein gemeinsamer Schuljahresabschluss m\u00f6glich war.  So konnten sich die Kinder und Jugendlichen in ihren festen Lerngruppen an verschiedenen Stationen auf dem Gel\u00e4nde ausprobieren. Zum Spa\u00df und Vergn\u00fcgen aller Beteiligten! Zur St\u00e4rkung gab es einen ganz leckeren Premium Hamburger des Suderburger Restaurants &#8222;Auszeit&#8220;, dass mit einem Foodtruck direkt vor Ort war. Hier noch einmal ein lieber Gru\u00df an das &#8222;Auszeit-Team&#8220; f\u00fcr die tolle Unterst\u00fctzung! <\/p>\n\n\n\n<figure class=\"wp-block-image size-large\"><img loading=\"lazy\" decoding=\"async\" width=\"975\" height=\"1024\" src=\"https:\/\/lebenleben.de\/loewenwaldschule\/wp-content\/uploads\/sites\/10\/2021\/07\/AZ1-975x1024.jpg\" alt=\"\" class=\"wp-image-14165\" srcset=\"https:\/\/lebenleben.de\/loewenwaldschule\/wp-content\/uploads\/sites\/10\/2021\/07\/AZ1-975x1024.jpg 975w, https:\/\/lebenleben.de\/loewenwaldschule\/wp-content\/uploads\/sites\/10\/2021\/07\/AZ1-286x300.jpg 286w, https:\/\/lebenleben.de\/loewenwaldschule\/wp-content\/uploads\/sites\/10\/2021\/07\/AZ1-768x807.jpg 768w, https:\/\/lebenleben.de\/loewenwaldschule\/wp-content\/uploads\/sites\/10\/2021\/07\/AZ1-1462x1536.jpg 1462w, https:\/\/lebenleben.de\/loewenwaldschule\/wp-content\/uploads\/sites\/10\/2021\/07\/AZ1-1949x2048.jpg 1949w\" sizes=\"auto, (max-width: 975px) 100vw, 975px\" \/><\/figure>\n","protected":false},"excerpt":{"rendered":"<p>Hm &#8230;was hat ein Hamburger mit dem Start in die Sommerferien zu tun? Ganz einfach &#8230;in diesem Jahr durfte endlich wieder &#8220;&#8220;gefeiert&#8220; werden &#8211; wenn auch corona-bedingt ein bisschen anders als in den Vorjahren, aber alle teilnehmenden Sch\u00fcler:innen und ihre Fachlehrer:innen haben sich einfach nur dar\u00fcber gefreut, dass in diesem Jahr \u00fcberhaupt ein gemeinsamer Schuljahresabschluss [&hellip;]<\/p>\n","protected":false},"author":4,"featured_media":14164,"comment_status":"closed","ping_status":"closed","sticky":false,"template":"","format":"standard","meta":{"_acf_changed":false,"footnotes":""},"categories":[1],"tags":[],"class_list":["post-14163","post","type-post","status-publish","format-standard","has-post-thumbnail","hentry","category-allgemein"],"acf":[],"yoast_head":"<!-- This site is optimized with the Yoast SEO plugin v27.3 - https:\/\/yoast.com\/product\/yoast-seo-wordpress\/ -->\n<title>&quot;Leckerer Start&quot; in die Sommerferien 2021 - Leben leben Loewenwaldschule<\/title>\n<meta name=\"robots\" content=\"index, follow, max-snippet:-1, max-image-preview:large, max-video-preview:-1\" \/>\n<link rel=\"canonical\" href=\"https:\/\/lebenleben.de\/loewenwaldschule\/aktuelles\/2021\/07\/21\/start-in-die-sommerferien-2021\/\" \/>\n<meta property=\"og:locale\" content=\"de_DE\" \/>\n<meta property=\"og:type\" content=\"article\" \/>\n<meta property=\"og:title\" content=\"&quot;Leckerer Start&quot; in die Sommerferien 2021 - Leben leben Loewenwaldschule\" \/>\n<meta property=\"og:description\" content=\"Hm &#8230;was hat ein Hamburger mit dem Start in die Sommerferien zu tun? Ganz einfach &#8230;in diesem Jahr durfte endlich wieder &#8220;&#8220;gefeiert&#8220; werden &#8211; wenn auch corona-bedingt ein bisschen anders als in den Vorjahren, aber alle teilnehmenden Sch\u00fcler:innen und ihre Fachlehrer:innen haben sich einfach nur dar\u00fcber gefreut, dass in diesem Jahr \u00fcberhaupt ein gemeinsamer Schuljahresabschluss [&hellip;]\" \/>\n<meta property=\"og:url\" content=\"https:\/\/lebenleben.de\/loewenwaldschule\/aktuelles\/2021\/07\/21\/start-in-die-sommerferien-2021\/\" \/>\n<meta property=\"og:site_name\" content=\"Leben leben Loewenwaldschule\" \/>\n<meta property=\"article:published_time\" content=\"2021-07-21T15:34:10+00:00\" \/>\n<meta property=\"article:modified_time\" content=\"2024-05-28T12:18:16+00:00\" \/>\n<meta property=\"og:image\" content=\"https:\/\/lebenleben.de\/loewenwaldschule\/wp-content\/uploads\/sites\/10\/2021\/07\/AZ2-scaled.jpg\" \/>\n\t<meta property=\"og:image:width\" content=\"2560\" \/>\n\t<meta property=\"og:image:height\" content=\"1920\" \/>\n\t<meta property=\"og:image:type\" content=\"image\/jpeg\" \/>\n<meta name=\"author\" content=\"kleibrandt\" \/>\n<meta name=\"twitter:card\" content=\"summary_large_image\" \/>\n<meta name=\"twitter:label1\" content=\"Verfasst von\" \/>\n\t<meta name=\"twitter:data1\" content=\"kleibrandt\" \/>\n\t<meta name=\"twitter:label2\" content=\"Gesch\u00e4tzte Lesezeit\" \/>\n\t<meta name=\"twitter:data2\" content=\"2\u00a0Minuten\" \/>\n<script type=\"application\/ld+json\" class=\"yoast-schema-graph\">{\"@context\":\"https:\\\/\\\/schema.org\",\"@graph\":[{\"@type\":\"Article\",\"@id\":\"https:\\\/\\\/lebenleben.de\\\/loewenwaldschule\\\/aktuelles\\\/2021\\\/07\\\/21\\\/start-in-die-sommerferien-2021\\\/#article\",\"isPartOf\":{\"@id\":\"https:\\\/\\\/lebenleben.de\\\/loewenwaldschule\\\/aktuelles\\\/2021\\\/07\\\/21\\\/start-in-die-sommerferien-2021\\\/\"},\"author\":{\"name\":\"kleibrandt\",\"@id\":\"https:\\\/\\\/lebenleben.de\\\/loewenwaldschule\\\/#\\\/schema\\\/person\\\/7456fc93046cd40a4cdfcb81f5d024a1\"},\"headline\":\"&#8222;Leckerer Start&#8220; in die Sommerferien 2021\",\"datePublished\":\"2021-07-21T15:34:10+00:00\",\"dateModified\":\"2024-05-28T12:18:16+00:00\",\"mainEntityOfPage\":{\"@id\":\"https:\\\/\\\/lebenleben.de\\\/loewenwaldschule\\\/aktuelles\\\/2021\\\/07\\\/21\\\/start-in-die-sommerferien-2021\\\/\"},\"wordCount\":130,\"publisher\":{\"@id\":\"https:\\\/\\\/lebenleben.de\\\/loewenwaldschule\\\/#organization\"},\"image\":{\"@id\":\"https:\\\/\\\/lebenleben.de\\\/loewenwaldschule\\\/aktuelles\\\/2021\\\/07\\\/21\\\/start-in-die-sommerferien-2021\\\/#primaryimage\"},\"thumbnailUrl\":\"https:\\\/\\\/lebenleben.de\\\/loewenwaldschule\\\/wp-content\\\/uploads\\\/sites\\\/10\\\/2021\\\/07\\\/AZ2-scaled.jpg\",\"inLanguage\":\"de\"},{\"@type\":\"WebPage\",\"@id\":\"https:\\\/\\\/lebenleben.de\\\/loewenwaldschule\\\/aktuelles\\\/2021\\\/07\\\/21\\\/start-in-die-sommerferien-2021\\\/\",\"url\":\"https:\\\/\\\/lebenleben.de\\\/loewenwaldschule\\\/aktuelles\\\/2021\\\/07\\\/21\\\/start-in-die-sommerferien-2021\\\/\",\"name\":\"\\\"Leckerer Start\\\" in die Sommerferien 2021 - Leben leben Loewenwaldschule\",\"isPartOf\":{\"@id\":\"https:\\\/\\\/lebenleben.de\\\/loewenwaldschule\\\/#website\"},\"primaryImageOfPage\":{\"@id\":\"https:\\\/\\\/lebenleben.de\\\/loewenwaldschule\\\/aktuelles\\\/2021\\\/07\\\/21\\\/start-in-die-sommerferien-2021\\\/#primaryimage\"},\"image\":{\"@id\":\"https:\\\/\\\/lebenleben.de\\\/loewenwaldschule\\\/aktuelles\\\/2021\\\/07\\\/21\\\/start-in-die-sommerferien-2021\\\/#primaryimage\"},\"thumbnailUrl\":\"https:\\\/\\\/lebenleben.de\\\/loewenwaldschule\\\/wp-content\\\/uploads\\\/sites\\\/10\\\/2021\\\/07\\\/AZ2-scaled.jpg\",\"datePublished\":\"2021-07-21T15:34:10+00:00\",\"dateModified\":\"2024-05-28T12:18:16+00:00\",\"breadcrumb\":{\"@id\":\"https:\\\/\\\/lebenleben.de\\\/loewenwaldschule\\\/aktuelles\\\/2021\\\/07\\\/21\\\/start-in-die-sommerferien-2021\\\/#breadcrumb\"},\"inLanguage\":\"de\",\"potentialAction\":[{\"@type\":\"ReadAction\",\"target\":[\"https:\\\/\\\/lebenleben.de\\\/loewenwaldschule\\\/aktuelles\\\/2021\\\/07\\\/21\\\/start-in-die-sommerferien-2021\\\/\"]}]},{\"@type\":\"ImageObject\",\"inLanguage\":\"de\",\"@id\":\"https:\\\/\\\/lebenleben.de\\\/loewenwaldschule\\\/aktuelles\\\/2021\\\/07\\\/21\\\/start-in-die-sommerferien-2021\\\/#primaryimage\",\"url\":\"https:\\\/\\\/lebenleben.de\\\/loewenwaldschule\\\/wp-content\\\/uploads\\\/sites\\\/10\\\/2021\\\/07\\\/AZ2-scaled.jpg\",\"contentUrl\":\"https:\\\/\\\/lebenleben.de\\\/loewenwaldschule\\\/wp-content\\\/uploads\\\/sites\\\/10\\\/2021\\\/07\\\/AZ2-scaled.jpg\",\"width\":2560,\"height\":1920},{\"@type\":\"BreadcrumbList\",\"@id\":\"https:\\\/\\\/lebenleben.de\\\/loewenwaldschule\\\/aktuelles\\\/2021\\\/07\\\/21\\\/start-in-die-sommerferien-2021\\\/#breadcrumb\",\"itemListElement\":[{\"@type\":\"ListItem\",\"position\":1,\"name\":\"Startseite\",\"item\":\"https:\\\/\\\/lebenleben.de\\\/loewenwaldschule\\\/\"},{\"@type\":\"ListItem\",\"position\":2,\"name\":\"&#8222;Leckerer Start&#8220; in die Sommerferien 2021\"}]},{\"@type\":\"WebSite\",\"@id\":\"https:\\\/\\\/lebenleben.de\\\/loewenwaldschule\\\/#website\",\"url\":\"https:\\\/\\\/lebenleben.de\\\/loewenwaldschule\\\/\",\"name\":\"Leben leben Loewenwaldschule\",\"description\":\"Eine weitere Leben Leben Netzwerk Website\",\"publisher\":{\"@id\":\"https:\\\/\\\/lebenleben.de\\\/loewenwaldschule\\\/#organization\"},\"potentialAction\":[{\"@type\":\"SearchAction\",\"target\":{\"@type\":\"EntryPoint\",\"urlTemplate\":\"https:\\\/\\\/lebenleben.de\\\/loewenwaldschule\\\/?s={search_term_string}\"},\"query-input\":{\"@type\":\"PropertyValueSpecification\",\"valueRequired\":true,\"valueName\":\"search_term_string\"}}],\"inLanguage\":\"de\"},{\"@type\":\"Organization\",\"@id\":\"https:\\\/\\\/lebenleben.de\\\/loewenwaldschule\\\/#organization\",\"name\":\"Leben leben Loewenwaldschule\",\"url\":\"https:\\\/\\\/lebenleben.de\\\/loewenwaldschule\\\/\",\"logo\":{\"@type\":\"ImageObject\",\"inLanguage\":\"de\",\"@id\":\"https:\\\/\\\/lebenleben.de\\\/loewenwaldschule\\\/#\\\/schema\\\/logo\\\/image\\\/\",\"url\":\"https:\\\/\\\/lebenleben.de\\\/loewenwaldschule\\\/wp-content\\\/uploads\\\/sites\\\/10\\\/2021\\\/01\\\/ll_favicon-green.png\",\"contentUrl\":\"https:\\\/\\\/lebenleben.de\\\/loewenwaldschule\\\/wp-content\\\/uploads\\\/sites\\\/10\\\/2021\\\/01\\\/ll_favicon-green.png\",\"width\":501,\"height\":501,\"caption\":\"Leben leben Loewenwaldschule\"},\"image\":{\"@id\":\"https:\\\/\\\/lebenleben.de\\\/loewenwaldschule\\\/#\\\/schema\\\/logo\\\/image\\\/\"}},{\"@type\":\"Person\",\"@id\":\"https:\\\/\\\/lebenleben.de\\\/loewenwaldschule\\\/#\\\/schema\\\/person\\\/7456fc93046cd40a4cdfcb81f5d024a1\",\"name\":\"kleibrandt\",\"image\":{\"@type\":\"ImageObject\",\"inLanguage\":\"de\",\"@id\":\"https:\\\/\\\/secure.gravatar.com\\\/avatar\\\/cd4eee09296d42b7270dded4fbeab5d9546683b35a607ceca8f7ed3cd69935ea?s=96&d=mm&r=g\",\"url\":\"https:\\\/\\\/secure.gravatar.com\\\/avatar\\\/cd4eee09296d42b7270dded4fbeab5d9546683b35a607ceca8f7ed3cd69935ea?s=96&d=mm&r=g\",\"contentUrl\":\"https:\\\/\\\/secure.gravatar.com\\\/avatar\\\/cd4eee09296d42b7270dded4fbeab5d9546683b35a607ceca8f7ed3cd69935ea?s=96&d=mm&r=g\",\"caption\":\"kleibrandt\"},\"url\":\"https:\\\/\\\/lebenleben.de\\\/loewenwaldschule\\\/aktuelles\\\/author\\\/kleibrandt\\\/\"}]}<\/script>\n<!-- \/ Yoast SEO plugin. -->","yoast_head_json":{"title":"\"Leckerer Start\" in die Sommerferien 2021 - Leben leben Loewenwaldschule","robots":{"index":"index","follow":"follow","max-snippet":"max-snippet:-1","max-image-preview":"max-image-preview:large","max-video-preview":"max-video-preview:-1"},"canonical":"https:\/\/lebenleben.de\/loewenwaldschule\/aktuelles\/2021\/07\/21\/start-in-die-sommerferien-2021\/","og_locale":"de_DE","og_type":"article","og_title":"\"Leckerer Start\" in die Sommerferien 2021 - Leben leben Loewenwaldschule","og_description":"Hm &#8230;was hat ein Hamburger mit dem Start in die Sommerferien zu tun? Ganz einfach &#8230;in diesem Jahr durfte endlich wieder &#8220;&#8220;gefeiert&#8220; werden &#8211; wenn auch corona-bedingt ein bisschen anders als in den Vorjahren, aber alle teilnehmenden Sch\u00fcler:innen und ihre Fachlehrer:innen haben sich einfach nur dar\u00fcber gefreut, dass in diesem Jahr \u00fcberhaupt ein gemeinsamer Schuljahresabschluss [&hellip;]","og_url":"https:\/\/lebenleben.de\/loewenwaldschule\/aktuelles\/2021\/07\/21\/start-in-die-sommerferien-2021\/","og_site_name":"Leben leben Loewenwaldschule","article_published_time":"2021-07-21T15:34:10+00:00","article_modified_time":"2024-05-28T12:18:16+00:00","og_image":[{"width":2560,"height":1920,"url":"https:\/\/lebenleben.de\/loewenwaldschule\/wp-content\/uploads\/sites\/10\/2021\/07\/AZ2-scaled.jpg","type":"image\/jpeg"}],"author":"kleibrandt","twitter_card":"summary_large_image","twitter_misc":{"Verfasst von":"kleibrandt","Gesch\u00e4tzte Lesezeit":"2\u00a0Minuten"},"schema":{"@context":"https:\/\/schema.org","@graph":[{"@type":"Article","@id":"https:\/\/lebenleben.de\/loewenwaldschule\/aktuelles\/2021\/07\/21\/start-in-die-sommerferien-2021\/#article","isPartOf":{"@id":"https:\/\/lebenleben.de\/loewenwaldschule\/aktuelles\/2021\/07\/21\/start-in-die-sommerferien-2021\/"},"author":{"name":"kleibrandt","@id":"https:\/\/lebenleben.de\/loewenwaldschule\/#\/schema\/person\/7456fc93046cd40a4cdfcb81f5d024a1"},"headline":"&#8222;Leckerer Start&#8220; in die Sommerferien 2021","datePublished":"2021-07-21T15:34:10+00:00","dateModified":"2024-05-28T12:18:16+00:00","mainEntityOfPage":{"@id":"https:\/\/lebenleben.de\/loewenwaldschule\/aktuelles\/2021\/07\/21\/start-in-die-sommerferien-2021\/"},"wordCount":130,"publisher":{"@id":"https:\/\/lebenleben.de\/loewenwaldschule\/#organization"},"image":{"@id":"https:\/\/lebenleben.de\/loewenwaldschule\/aktuelles\/2021\/07\/21\/start-in-die-sommerferien-2021\/#primaryimage"},"thumbnailUrl":"https:\/\/lebenleben.de\/loewenwaldschule\/wp-content\/uploads\/sites\/10\/2021\/07\/AZ2-scaled.jpg","inLanguage":"de"},{"@type":"WebPage","@id":"https:\/\/lebenleben.de\/loewenwaldschule\/aktuelles\/2021\/07\/21\/start-in-die-sommerferien-2021\/","url":"https:\/\/lebenleben.de\/loewenwaldschule\/aktuelles\/2021\/07\/21\/start-in-die-sommerferien-2021\/","name":"\"Leckerer Start\" in die Sommerferien 2021 - Leben leben Loewenwaldschule","isPartOf":{"@id":"https:\/\/lebenleben.de\/loewenwaldschule\/#website"},"primaryImageOfPage":{"@id":"https:\/\/lebenleben.de\/loewenwaldschule\/aktuelles\/2021\/07\/21\/start-in-die-sommerferien-2021\/#primaryimage"},"image":{"@id":"https:\/\/lebenleben.de\/loewenwaldschule\/aktuelles\/2021\/07\/21\/start-in-die-sommerferien-2021\/#primaryimage"},"thumbnailUrl":"https:\/\/lebenleben.de\/loewenwaldschule\/wp-content\/uploads\/sites\/10\/2021\/07\/AZ2-scaled.jpg","datePublished":"2021-07-21T15:34:10+00:00","dateModified":"2024-05-28T12:18:16+00:00","breadcrumb":{"@id":"https:\/\/lebenleben.de\/loewenwaldschule\/aktuelles\/2021\/07\/21\/start-in-die-sommerferien-2021\/#breadcrumb"},"inLanguage":"de","potentialAction":[{"@type":"ReadAction","target":["https:\/\/lebenleben.de\/loewenwaldschule\/aktuelles\/2021\/07\/21\/start-in-die-sommerferien-2021\/"]}]},{"@type":"ImageObject","inLanguage":"de","@id":"https:\/\/lebenleben.de\/loewenwaldschule\/aktuelles\/2021\/07\/21\/start-in-die-sommerferien-2021\/#primaryimage","url":"https:\/\/lebenleben.de\/loewenwaldschule\/wp-content\/uploads\/sites\/10\/2021\/07\/AZ2-scaled.jpg","contentUrl":"https:\/\/lebenleben.de\/loewenwaldschule\/wp-content\/uploads\/sites\/10\/2021\/07\/AZ2-scaled.jpg","width":2560,"height":1920},{"@type":"BreadcrumbList","@id":"https:\/\/lebenleben.de\/loewenwaldschule\/aktuelles\/2021\/07\/21\/start-in-die-sommerferien-2021\/#breadcrumb","itemListElement":[{"@type":"ListItem","position":1,"name":"Startseite","item":"https:\/\/lebenleben.de\/loewenwaldschule\/"},{"@type":"ListItem","position":2,"name":"&#8222;Leckerer Start&#8220; in die Sommerferien 2021"}]},{"@type":"WebSite","@id":"https:\/\/lebenleben.de\/loewenwaldschule\/#website","url":"https:\/\/lebenleben.de\/loewenwaldschule\/","name":"Leben leben Loewenwaldschule","description":"Eine weitere Leben Leben Netzwerk Website","publisher":{"@id":"https:\/\/lebenleben.de\/loewenwaldschule\/#organization"},"potentialAction":[{"@type":"SearchAction","target":{"@type":"EntryPoint","urlTemplate":"https:\/\/lebenleben.de\/loewenwaldschule\/?s={search_term_string}"},"query-input":{"@type":"PropertyValueSpecification","valueRequired":true,"valueName":"search_term_string"}}],"inLanguage":"de"},{"@type":"Organization","@id":"https:\/\/lebenleben.de\/loewenwaldschule\/#organization","name":"Leben leben Loewenwaldschule","url":"https:\/\/lebenleben.de\/loewenwaldschule\/","logo":{"@type":"ImageObject","inLanguage":"de","@id":"https:\/\/lebenleben.de\/loewenwaldschule\/#\/schema\/logo\/image\/","url":"https:\/\/lebenleben.de\/loewenwaldschule\/wp-content\/uploads\/sites\/10\/2021\/01\/ll_favicon-green.png","contentUrl":"https:\/\/lebenleben.de\/loewenwaldschule\/wp-content\/uploads\/sites\/10\/2021\/01\/ll_favicon-green.png","width":501,"height":501,"caption":"Leben leben Loewenwaldschule"},"image":{"@id":"https:\/\/lebenleben.de\/loewenwaldschule\/#\/schema\/logo\/image\/"}},{"@type":"Person","@id":"https:\/\/lebenleben.de\/loewenwaldschule\/#\/schema\/person\/7456fc93046cd40a4cdfcb81f5d024a1","name":"kleibrandt","image":{"@type":"ImageObject","inLanguage":"de","@id":"https:\/\/secure.gravatar.com\/avatar\/cd4eee09296d42b7270dded4fbeab5d9546683b35a607ceca8f7ed3cd69935ea?s=96&d=mm&r=g","url":"https:\/\/secure.gravatar.com\/avatar\/cd4eee09296d42b7270dded4fbeab5d9546683b35a607ceca8f7ed3cd69935ea?s=96&d=mm&r=g","contentUrl":"https:\/\/secure.gravatar.com\/avatar\/cd4eee09296d42b7270dded4fbeab5d9546683b35a607ceca8f7ed3cd69935ea?s=96&d=mm&r=g","caption":"kleibrandt"},"url":"https:\/\/lebenleben.de\/loewenwaldschule\/aktuelles\/author\/kleibrandt\/"}]}},"_links":{"self":[{"href":"https:\/\/lebenleben.de\/loewenwaldschule\/wp-json\/wp\/v2\/posts\/14163","targetHints":{"allow":["GET"]}}],"collection":[{"href":"https:\/\/lebenleben.de\/loewenwaldschule\/wp-json\/wp\/v2\/posts"}],"about":[{"href":"https:\/\/lebenleben.de\/loewenwaldschule\/wp-json\/wp\/v2\/types\/post"}],"author":[{"embeddable":true,"href":"https:\/\/lebenleben.de\/loewenwaldschule\/wp-json\/wp\/v2\/users\/4"}],"replies":[{"embeddable":true,"href":"https:\/\/lebenleben.de\/loewenwaldschule\/wp-json\/wp\/v2\/comments?post=14163"}],"version-history":[{"count":6,"href":"https:\/\/lebenleben.de\/loewenwaldschule\/wp-json\/wp\/v2\/posts\/14163\/revisions"}],"predecessor-version":[{"id":14562,"href":"https:\/\/lebenleben.de\/loewenwaldschule\/wp-json\/wp\/v2\/posts\/14163\/revisions\/14562"}],"wp:featuredmedia":[{"embeddable":true,"href":"https:\/\/lebenleben.de\/loewenwaldschule\/wp-json\/wp\/v2\/media\/14164"}],"wp:attachment":[{"href":"https:\/\/lebenleben.de\/loewenwaldschule\/wp-json\/wp\/v2\/media?parent=14163"}],"wp:term":[{"taxonomy":"category","embeddable":true,"href":"https:\/\/lebenleben.de\/loewenwaldschule\/wp-json\/wp\/v2\/categories?post=14163"},{"taxonomy":"post_tag","embeddable":true,"href":"https:\/\/lebenleben.de\/loewenwaldschule\/wp-json\/wp\/v2\/tags?post=14163"}],"curies":[{"name":"wp","href":"https:\/\/api.w.org\/{rel}","templated":true}]}}