{"id":14289,"date":"2023-05-04T14:59:34","date_gmt":"2023-05-04T12:59:34","guid":{"rendered":"https:\/\/lebenleben.de\/loewenwaldschule\/?p=14289"},"modified":"2024-05-28T14:17:44","modified_gmt":"2024-05-28T12:17:44","slug":"laufen-fuer-die-gute-sache","status":"publish","type":"post","link":"https:\/\/lebenleben.de\/loewenwaldschule\/aktuelles\/2023\/05\/04\/laufen-fuer-die-gute-sache\/","title":{"rendered":"Laufen f\u00fcr die &#8222;gute Sache&#8220;"},"content":{"rendered":"\n<p>Am Sonntag, den 16. April 2023, wurden in Uelzen die Norddeutschen Meisterschaften im 10 km Lauf ausgetragen. Im Rahmen dieser Meisterschaften hatte der Ausrichter zu einem Spendenlauf f\u00fcr die Erdbebenopfer in der T\u00fcrkei und Syrien aufgerufen. Teilnehmen konnte und durfte jeder. Es galt eine 5 km Strecke durch die Innenstadt von Uelzen zu bew\u00e4ltigen. Nat\u00fcrlich mit Unterst\u00fctzung zahlreicher &#8222;Fans&#8220; an der Strecke. Drei Sch\u00fcler und eine Sch\u00fclerin aus unserer Schule haben sich der Herausforderung gestellt und sich f\u00fcr die gute Sache engagiert! Ganz, ganz gro\u00dfen Dank an Euch! Ganz unabh\u00e4ngig von Euren tollen Resultaten. Denn so ganz ohne Wettkampfcharakter geht es dann doch nicht &#8230;so haben sich zwei unserer Teilnehmer in ihren Altersklassen einen dritten und einen vierten Platz erlaufen!<\/p>\n","protected":false},"excerpt":{"rendered":"<p>Am Sonntag, den 16. April 2023, wurden in Uelzen die Norddeutschen Meisterschaften im 10 km Lauf ausgetragen. Im Rahmen dieser Meisterschaften hatte der Ausrichter zu einem Spendenlauf f\u00fcr die Erdbebenopfer in der T\u00fcrkei und Syrien aufgerufen. Teilnehmen konnte und durfte jeder. Es galt eine 5 km Strecke durch die Innenstadt von Uelzen zu bew\u00e4ltigen. Nat\u00fcrlich [&hellip;]<\/p>\n","protected":false},"author":4,"featured_media":14290,"comment_status":"closed","ping_status":"closed","sticky":false,"template":"","format":"standard","meta":{"_acf_changed":false,"footnotes":""},"categories":[1],"tags":[],"class_list":["post-14289","post","type-post","status-publish","format-standard","has-post-thumbnail","hentry","category-allgemein"],"acf":[],"yoast_head":"<!-- This site is optimized with the Yoast SEO plugin v27.3 - https:\/\/yoast.com\/product\/yoast-seo-wordpress\/ -->\n<title>Laufen f\u00fcr die &quot;gute Sache&quot; - Leben leben Loewenwaldschule<\/title>\n<meta name=\"robots\" content=\"index, follow, max-snippet:-1, max-image-preview:large, max-video-preview:-1\" \/>\n<link rel=\"canonical\" href=\"https:\/\/lebenleben.de\/loewenwaldschule\/aktuelles\/2023\/05\/04\/laufen-fuer-die-gute-sache\/\" \/>\n<meta property=\"og:locale\" content=\"de_DE\" \/>\n<meta property=\"og:type\" content=\"article\" \/>\n<meta property=\"og:title\" content=\"Laufen f\u00fcr die &quot;gute Sache&quot; - Leben leben Loewenwaldschule\" \/>\n<meta property=\"og:description\" content=\"Am Sonntag, den 16. April 2023, wurden in Uelzen die Norddeutschen Meisterschaften im 10 km Lauf ausgetragen. Im Rahmen dieser Meisterschaften hatte der Ausrichter zu einem Spendenlauf f\u00fcr die Erdbebenopfer in der T\u00fcrkei und Syrien aufgerufen. Teilnehmen konnte und durfte jeder. Es galt eine 5 km Strecke durch die Innenstadt von Uelzen zu bew\u00e4ltigen. Nat\u00fcrlich [&hellip;]\" \/>\n<meta property=\"og:url\" content=\"https:\/\/lebenleben.de\/loewenwaldschule\/aktuelles\/2023\/05\/04\/laufen-fuer-die-gute-sache\/\" \/>\n<meta property=\"og:site_name\" content=\"Leben leben Loewenwaldschule\" \/>\n<meta property=\"article:published_time\" content=\"2023-05-04T12:59:34+00:00\" \/>\n<meta property=\"article:modified_time\" content=\"2024-05-28T12:17:44+00:00\" \/>\n<meta property=\"og:image\" content=\"https:\/\/lebenleben.de\/loewenwaldschule\/wp-content\/uploads\/sites\/10\/2023\/05\/Felix.jpg\" \/>\n\t<meta property=\"og:image:width\" content=\"2500\" \/>\n\t<meta property=\"og:image:height\" content=\"1667\" \/>\n\t<meta property=\"og:image:type\" content=\"image\/jpeg\" \/>\n<meta name=\"author\" content=\"kleibrandt\" \/>\n<meta name=\"twitter:card\" content=\"summary_large_image\" \/>\n<meta name=\"twitter:label1\" content=\"Verfasst von\" \/>\n\t<meta name=\"twitter:data1\" content=\"kleibrandt\" \/>\n\t<meta name=\"twitter:label2\" content=\"Gesch\u00e4tzte Lesezeit\" \/>\n\t<meta name=\"twitter:data2\" content=\"1\u00a0Minute\" \/>\n<script type=\"application\/ld+json\" class=\"yoast-schema-graph\">{\"@context\":\"https:\\\/\\\/schema.org\",\"@graph\":[{\"@type\":\"Article\",\"@id\":\"https:\\\/\\\/lebenleben.de\\\/loewenwaldschule\\\/aktuelles\\\/2023\\\/05\\\/04\\\/laufen-fuer-die-gute-sache\\\/#article\",\"isPartOf\":{\"@id\":\"https:\\\/\\\/lebenleben.de\\\/loewenwaldschule\\\/aktuelles\\\/2023\\\/05\\\/04\\\/laufen-fuer-die-gute-sache\\\/\"},\"author\":{\"name\":\"kleibrandt\",\"@id\":\"https:\\\/\\\/lebenleben.de\\\/loewenwaldschule\\\/#\\\/schema\\\/person\\\/7456fc93046cd40a4cdfcb81f5d024a1\"},\"headline\":\"Laufen f\u00fcr die &#8222;gute Sache&#8220;\",\"datePublished\":\"2023-05-04T12:59:34+00:00\",\"dateModified\":\"2024-05-28T12:17:44+00:00\",\"mainEntityOfPage\":{\"@id\":\"https:\\\/\\\/lebenleben.de\\\/loewenwaldschule\\\/aktuelles\\\/2023\\\/05\\\/04\\\/laufen-fuer-die-gute-sache\\\/\"},\"wordCount\":132,\"publisher\":{\"@id\":\"https:\\\/\\\/lebenleben.de\\\/loewenwaldschule\\\/#organization\"},\"image\":{\"@id\":\"https:\\\/\\\/lebenleben.de\\\/loewenwaldschule\\\/aktuelles\\\/2023\\\/05\\\/04\\\/laufen-fuer-die-gute-sache\\\/#primaryimage\"},\"thumbnailUrl\":\"https:\\\/\\\/lebenleben.de\\\/loewenwaldschule\\\/wp-content\\\/uploads\\\/sites\\\/10\\\/2023\\\/05\\\/Felix.jpg\",\"inLanguage\":\"de\"},{\"@type\":\"WebPage\",\"@id\":\"https:\\\/\\\/lebenleben.de\\\/loewenwaldschule\\\/aktuelles\\\/2023\\\/05\\\/04\\\/laufen-fuer-die-gute-sache\\\/\",\"url\":\"https:\\\/\\\/lebenleben.de\\\/loewenwaldschule\\\/aktuelles\\\/2023\\\/05\\\/04\\\/laufen-fuer-die-gute-sache\\\/\",\"name\":\"Laufen f\u00fcr die \\\"gute Sache\\\" - Leben leben Loewenwaldschule\",\"isPartOf\":{\"@id\":\"https:\\\/\\\/lebenleben.de\\\/loewenwaldschule\\\/#website\"},\"primaryImageOfPage\":{\"@id\":\"https:\\\/\\\/lebenleben.de\\\/loewenwaldschule\\\/aktuelles\\\/2023\\\/05\\\/04\\\/laufen-fuer-die-gute-sache\\\/#primaryimage\"},\"image\":{\"@id\":\"https:\\\/\\\/lebenleben.de\\\/loewenwaldschule\\\/aktuelles\\\/2023\\\/05\\\/04\\\/laufen-fuer-die-gute-sache\\\/#primaryimage\"},\"thumbnailUrl\":\"https:\\\/\\\/lebenleben.de\\\/loewenwaldschule\\\/wp-content\\\/uploads\\\/sites\\\/10\\\/2023\\\/05\\\/Felix.jpg\",\"datePublished\":\"2023-05-04T12:59:34+00:00\",\"dateModified\":\"2024-05-28T12:17:44+00:00\",\"breadcrumb\":{\"@id\":\"https:\\\/\\\/lebenleben.de\\\/loewenwaldschule\\\/aktuelles\\\/2023\\\/05\\\/04\\\/laufen-fuer-die-gute-sache\\\/#breadcrumb\"},\"inLanguage\":\"de\",\"potentialAction\":[{\"@type\":\"ReadAction\",\"target\":[\"https:\\\/\\\/lebenleben.de\\\/loewenwaldschule\\\/aktuelles\\\/2023\\\/05\\\/04\\\/laufen-fuer-die-gute-sache\\\/\"]}]},{\"@type\":\"ImageObject\",\"inLanguage\":\"de\",\"@id\":\"https:\\\/\\\/lebenleben.de\\\/loewenwaldschule\\\/aktuelles\\\/2023\\\/05\\\/04\\\/laufen-fuer-die-gute-sache\\\/#primaryimage\",\"url\":\"https:\\\/\\\/lebenleben.de\\\/loewenwaldschule\\\/wp-content\\\/uploads\\\/sites\\\/10\\\/2023\\\/05\\\/Felix.jpg\",\"contentUrl\":\"https:\\\/\\\/lebenleben.de\\\/loewenwaldschule\\\/wp-content\\\/uploads\\\/sites\\\/10\\\/2023\\\/05\\\/Felix.jpg\",\"width\":2500,\"height\":1667},{\"@type\":\"BreadcrumbList\",\"@id\":\"https:\\\/\\\/lebenleben.de\\\/loewenwaldschule\\\/aktuelles\\\/2023\\\/05\\\/04\\\/laufen-fuer-die-gute-sache\\\/#breadcrumb\",\"itemListElement\":[{\"@type\":\"ListItem\",\"position\":1,\"name\":\"Startseite\",\"item\":\"https:\\\/\\\/lebenleben.de\\\/loewenwaldschule\\\/\"},{\"@type\":\"ListItem\",\"position\":2,\"name\":\"Laufen f\u00fcr die &#8222;gute Sache&#8220;\"}]},{\"@type\":\"WebSite\",\"@id\":\"https:\\\/\\\/lebenleben.de\\\/loewenwaldschule\\\/#website\",\"url\":\"https:\\\/\\\/lebenleben.de\\\/loewenwaldschule\\\/\",\"name\":\"Leben leben Loewenwaldschule\",\"description\":\"Eine weitere Leben Leben Netzwerk Website\",\"publisher\":{\"@id\":\"https:\\\/\\\/lebenleben.de\\\/loewenwaldschule\\\/#organization\"},\"potentialAction\":[{\"@type\":\"SearchAction\",\"target\":{\"@type\":\"EntryPoint\",\"urlTemplate\":\"https:\\\/\\\/lebenleben.de\\\/loewenwaldschule\\\/?s={search_term_string}\"},\"query-input\":{\"@type\":\"PropertyValueSpecification\",\"valueRequired\":true,\"valueName\":\"search_term_string\"}}],\"inLanguage\":\"de\"},{\"@type\":\"Organization\",\"@id\":\"https:\\\/\\\/lebenleben.de\\\/loewenwaldschule\\\/#organization\",\"name\":\"Leben leben Loewenwaldschule\",\"url\":\"https:\\\/\\\/lebenleben.de\\\/loewenwaldschule\\\/\",\"logo\":{\"@type\":\"ImageObject\",\"inLanguage\":\"de\",\"@id\":\"https:\\\/\\\/lebenleben.de\\\/loewenwaldschule\\\/#\\\/schema\\\/logo\\\/image\\\/\",\"url\":\"https:\\\/\\\/lebenleben.de\\\/loewenwaldschule\\\/wp-content\\\/uploads\\\/sites\\\/10\\\/2021\\\/01\\\/ll_favicon-green.png\",\"contentUrl\":\"https:\\\/\\\/lebenleben.de\\\/loewenwaldschule\\\/wp-content\\\/uploads\\\/sites\\\/10\\\/2021\\\/01\\\/ll_favicon-green.png\",\"width\":501,\"height\":501,\"caption\":\"Leben leben Loewenwaldschule\"},\"image\":{\"@id\":\"https:\\\/\\\/lebenleben.de\\\/loewenwaldschule\\\/#\\\/schema\\\/logo\\\/image\\\/\"}},{\"@type\":\"Person\",\"@id\":\"https:\\\/\\\/lebenleben.de\\\/loewenwaldschule\\\/#\\\/schema\\\/person\\\/7456fc93046cd40a4cdfcb81f5d024a1\",\"name\":\"kleibrandt\",\"image\":{\"@type\":\"ImageObject\",\"inLanguage\":\"de\",\"@id\":\"https:\\\/\\\/secure.gravatar.com\\\/avatar\\\/cd4eee09296d42b7270dded4fbeab5d9546683b35a607ceca8f7ed3cd69935ea?s=96&d=mm&r=g\",\"url\":\"https:\\\/\\\/secure.gravatar.com\\\/avatar\\\/cd4eee09296d42b7270dded4fbeab5d9546683b35a607ceca8f7ed3cd69935ea?s=96&d=mm&r=g\",\"contentUrl\":\"https:\\\/\\\/secure.gravatar.com\\\/avatar\\\/cd4eee09296d42b7270dded4fbeab5d9546683b35a607ceca8f7ed3cd69935ea?s=96&d=mm&r=g\",\"caption\":\"kleibrandt\"},\"url\":\"https:\\\/\\\/lebenleben.de\\\/loewenwaldschule\\\/aktuelles\\\/author\\\/kleibrandt\\\/\"}]}<\/script>\n<!-- \/ Yoast SEO plugin. -->","yoast_head_json":{"title":"Laufen f\u00fcr die \"gute Sache\" - Leben leben Loewenwaldschule","robots":{"index":"index","follow":"follow","max-snippet":"max-snippet:-1","max-image-preview":"max-image-preview:large","max-video-preview":"max-video-preview:-1"},"canonical":"https:\/\/lebenleben.de\/loewenwaldschule\/aktuelles\/2023\/05\/04\/laufen-fuer-die-gute-sache\/","og_locale":"de_DE","og_type":"article","og_title":"Laufen f\u00fcr die \"gute Sache\" - Leben leben Loewenwaldschule","og_description":"Am Sonntag, den 16. April 2023, wurden in Uelzen die Norddeutschen Meisterschaften im 10 km Lauf ausgetragen. Im Rahmen dieser Meisterschaften hatte der Ausrichter zu einem Spendenlauf f\u00fcr die Erdbebenopfer in der T\u00fcrkei und Syrien aufgerufen. Teilnehmen konnte und durfte jeder. Es galt eine 5 km Strecke durch die Innenstadt von Uelzen zu bew\u00e4ltigen. Nat\u00fcrlich [&hellip;]","og_url":"https:\/\/lebenleben.de\/loewenwaldschule\/aktuelles\/2023\/05\/04\/laufen-fuer-die-gute-sache\/","og_site_name":"Leben leben Loewenwaldschule","article_published_time":"2023-05-04T12:59:34+00:00","article_modified_time":"2024-05-28T12:17:44+00:00","og_image":[{"width":2500,"height":1667,"url":"https:\/\/lebenleben.de\/loewenwaldschule\/wp-content\/uploads\/sites\/10\/2023\/05\/Felix.jpg","type":"image\/jpeg"}],"author":"kleibrandt","twitter_card":"summary_large_image","twitter_misc":{"Verfasst von":"kleibrandt","Gesch\u00e4tzte Lesezeit":"1\u00a0Minute"},"schema":{"@context":"https:\/\/schema.org","@graph":[{"@type":"Article","@id":"https:\/\/lebenleben.de\/loewenwaldschule\/aktuelles\/2023\/05\/04\/laufen-fuer-die-gute-sache\/#article","isPartOf":{"@id":"https:\/\/lebenleben.de\/loewenwaldschule\/aktuelles\/2023\/05\/04\/laufen-fuer-die-gute-sache\/"},"author":{"name":"kleibrandt","@id":"https:\/\/lebenleben.de\/loewenwaldschule\/#\/schema\/person\/7456fc93046cd40a4cdfcb81f5d024a1"},"headline":"Laufen f\u00fcr die &#8222;gute Sache&#8220;","datePublished":"2023-05-04T12:59:34+00:00","dateModified":"2024-05-28T12:17:44+00:00","mainEntityOfPage":{"@id":"https:\/\/lebenleben.de\/loewenwaldschule\/aktuelles\/2023\/05\/04\/laufen-fuer-die-gute-sache\/"},"wordCount":132,"publisher":{"@id":"https:\/\/lebenleben.de\/loewenwaldschule\/#organization"},"image":{"@id":"https:\/\/lebenleben.de\/loewenwaldschule\/aktuelles\/2023\/05\/04\/laufen-fuer-die-gute-sache\/#primaryimage"},"thumbnailUrl":"https:\/\/lebenleben.de\/loewenwaldschule\/wp-content\/uploads\/sites\/10\/2023\/05\/Felix.jpg","inLanguage":"de"},{"@type":"WebPage","@id":"https:\/\/lebenleben.de\/loewenwaldschule\/aktuelles\/2023\/05\/04\/laufen-fuer-die-gute-sache\/","url":"https:\/\/lebenleben.de\/loewenwaldschule\/aktuelles\/2023\/05\/04\/laufen-fuer-die-gute-sache\/","name":"Laufen f\u00fcr die \"gute Sache\" - Leben leben Loewenwaldschule","isPartOf":{"@id":"https:\/\/lebenleben.de\/loewenwaldschule\/#website"},"primaryImageOfPage":{"@id":"https:\/\/lebenleben.de\/loewenwaldschule\/aktuelles\/2023\/05\/04\/laufen-fuer-die-gute-sache\/#primaryimage"},"image":{"@id":"https:\/\/lebenleben.de\/loewenwaldschule\/aktuelles\/2023\/05\/04\/laufen-fuer-die-gute-sache\/#primaryimage"},"thumbnailUrl":"https:\/\/lebenleben.de\/loewenwaldschule\/wp-content\/uploads\/sites\/10\/2023\/05\/Felix.jpg","datePublished":"2023-05-04T12:59:34+00:00","dateModified":"2024-05-28T12:17:44+00:00","breadcrumb":{"@id":"https:\/\/lebenleben.de\/loewenwaldschule\/aktuelles\/2023\/05\/04\/laufen-fuer-die-gute-sache\/#breadcrumb"},"inLanguage":"de","potentialAction":[{"@type":"ReadAction","target":["https:\/\/lebenleben.de\/loewenwaldschule\/aktuelles\/2023\/05\/04\/laufen-fuer-die-gute-sache\/"]}]},{"@type":"ImageObject","inLanguage":"de","@id":"https:\/\/lebenleben.de\/loewenwaldschule\/aktuelles\/2023\/05\/04\/laufen-fuer-die-gute-sache\/#primaryimage","url":"https:\/\/lebenleben.de\/loewenwaldschule\/wp-content\/uploads\/sites\/10\/2023\/05\/Felix.jpg","contentUrl":"https:\/\/lebenleben.de\/loewenwaldschule\/wp-content\/uploads\/sites\/10\/2023\/05\/Felix.jpg","width":2500,"height":1667},{"@type":"BreadcrumbList","@id":"https:\/\/lebenleben.de\/loewenwaldschule\/aktuelles\/2023\/05\/04\/laufen-fuer-die-gute-sache\/#breadcrumb","itemListElement":[{"@type":"ListItem","position":1,"name":"Startseite","item":"https:\/\/lebenleben.de\/loewenwaldschule\/"},{"@type":"ListItem","position":2,"name":"Laufen f\u00fcr die &#8222;gute Sache&#8220;"}]},{"@type":"WebSite","@id":"https:\/\/lebenleben.de\/loewenwaldschule\/#website","url":"https:\/\/lebenleben.de\/loewenwaldschule\/","name":"Leben leben Loewenwaldschule","description":"Eine weitere Leben Leben Netzwerk Website","publisher":{"@id":"https:\/\/lebenleben.de\/loewenwaldschule\/#organization"},"potentialAction":[{"@type":"SearchAction","target":{"@type":"EntryPoint","urlTemplate":"https:\/\/lebenleben.de\/loewenwaldschule\/?s={search_term_string}"},"query-input":{"@type":"PropertyValueSpecification","valueRequired":true,"valueName":"search_term_string"}}],"inLanguage":"de"},{"@type":"Organization","@id":"https:\/\/lebenleben.de\/loewenwaldschule\/#organization","name":"Leben leben Loewenwaldschule","url":"https:\/\/lebenleben.de\/loewenwaldschule\/","logo":{"@type":"ImageObject","inLanguage":"de","@id":"https:\/\/lebenleben.de\/loewenwaldschule\/#\/schema\/logo\/image\/","url":"https:\/\/lebenleben.de\/loewenwaldschule\/wp-content\/uploads\/sites\/10\/2021\/01\/ll_favicon-green.png","contentUrl":"https:\/\/lebenleben.de\/loewenwaldschule\/wp-content\/uploads\/sites\/10\/2021\/01\/ll_favicon-green.png","width":501,"height":501,"caption":"Leben leben Loewenwaldschule"},"image":{"@id":"https:\/\/lebenleben.de\/loewenwaldschule\/#\/schema\/logo\/image\/"}},{"@type":"Person","@id":"https:\/\/lebenleben.de\/loewenwaldschule\/#\/schema\/person\/7456fc93046cd40a4cdfcb81f5d024a1","name":"kleibrandt","image":{"@type":"ImageObject","inLanguage":"de","@id":"https:\/\/secure.gravatar.com\/avatar\/cd4eee09296d42b7270dded4fbeab5d9546683b35a607ceca8f7ed3cd69935ea?s=96&d=mm&r=g","url":"https:\/\/secure.gravatar.com\/avatar\/cd4eee09296d42b7270dded4fbeab5d9546683b35a607ceca8f7ed3cd69935ea?s=96&d=mm&r=g","contentUrl":"https:\/\/secure.gravatar.com\/avatar\/cd4eee09296d42b7270dded4fbeab5d9546683b35a607ceca8f7ed3cd69935ea?s=96&d=mm&r=g","caption":"kleibrandt"},"url":"https:\/\/lebenleben.de\/loewenwaldschule\/aktuelles\/author\/kleibrandt\/"}]}},"_links":{"self":[{"href":"https:\/\/lebenleben.de\/loewenwaldschule\/wp-json\/wp\/v2\/posts\/14289","targetHints":{"allow":["GET"]}}],"collection":[{"href":"https:\/\/lebenleben.de\/loewenwaldschule\/wp-json\/wp\/v2\/posts"}],"about":[{"href":"https:\/\/lebenleben.de\/loewenwaldschule\/wp-json\/wp\/v2\/types\/post"}],"author":[{"embeddable":true,"href":"https:\/\/lebenleben.de\/loewenwaldschule\/wp-json\/wp\/v2\/users\/4"}],"replies":[{"embeddable":true,"href":"https:\/\/lebenleben.de\/loewenwaldschule\/wp-json\/wp\/v2\/comments?post=14289"}],"version-history":[{"count":2,"href":"https:\/\/lebenleben.de\/loewenwaldschule\/wp-json\/wp\/v2\/posts\/14289\/revisions"}],"predecessor-version":[{"id":14554,"href":"https:\/\/lebenleben.de\/loewenwaldschule\/wp-json\/wp\/v2\/posts\/14289\/revisions\/14554"}],"wp:featuredmedia":[{"embeddable":true,"href":"https:\/\/lebenleben.de\/loewenwaldschule\/wp-json\/wp\/v2\/media\/14290"}],"wp:attachment":[{"href":"https:\/\/lebenleben.de\/loewenwaldschule\/wp-json\/wp\/v2\/media?parent=14289"}],"wp:term":[{"taxonomy":"category","embeddable":true,"href":"https:\/\/lebenleben.de\/loewenwaldschule\/wp-json\/wp\/v2\/categories?post=14289"},{"taxonomy":"post_tag","embeddable":true,"href":"https:\/\/lebenleben.de\/loewenwaldschule\/wp-json\/wp\/v2\/tags?post=14289"}],"curies":[{"name":"wp","href":"https:\/\/api.w.org\/{rel}","templated":true}]}}