{"id":14311,"date":"2023-07-12T12:33:20","date_gmt":"2023-07-12T10:33:20","guid":{"rendered":"https:\/\/lebenleben.de\/loewenwaldschule\/?p=14311"},"modified":"2024-05-28T14:17:37","modified_gmt":"2024-05-28T12:17:37","slug":"prom-day-fuer-alle-zukuenftigen-schuelerinnen-der-abschlussstufe","status":"publish","type":"post","link":"https:\/\/lebenleben.de\/loewenwaldschule\/aktuelles\/2023\/07\/12\/prom-day-fuer-alle-zukuenftigen-schuelerinnen-der-abschlussstufe\/","title":{"rendered":"&#8222;Prom-Day&#8220; f\u00fcr alle zuk\u00fcnftigen Sch\u00fcler:innen der Abschlussstufe"},"content":{"rendered":"\n<p>Sch\u00fcler und Sch\u00fclerinnen der Sek 1a und 1f haben kurz vor den Sommerferien ihre Schulkolleg:innen verabschiedet, die in die Abschlusstufe wechseln. Das Motto hie\u00df &#8230;macht Euch so h\u00fcbsch wie m\u00f6glich &#8211; wir wollen diesen Tag zelebrieren! Es wurde gemeinsam geschmaust, ganz viel getanzt und auch ein Glas &#8222;Kindersekt&#8220; durfte nicht fehlen. So wie es sich f\u00fcr eine Promi-Party geh\u00f6rt!<\/p>\n\n\n\n<figure class=\"wp-block-image size-large is-resized\"><img loading=\"lazy\" decoding=\"async\" src=\"https:\/\/lebenleben.de\/loewenwaldschule\/wp-content\/uploads\/sites\/10\/2023\/07\/Prom-Day-1-555x1024.jpg\" alt=\"\" class=\"wp-image-14312\" width=\"278\" height=\"512\" srcset=\"https:\/\/lebenleben.de\/loewenwaldschule\/wp-content\/uploads\/sites\/10\/2023\/07\/Prom-Day-1-555x1024.jpg 555w, https:\/\/lebenleben.de\/loewenwaldschule\/wp-content\/uploads\/sites\/10\/2023\/07\/Prom-Day-1-163x300.jpg 163w, https:\/\/lebenleben.de\/loewenwaldschule\/wp-content\/uploads\/sites\/10\/2023\/07\/Prom-Day-1-768x1417.jpg 768w, https:\/\/lebenleben.de\/loewenwaldschule\/wp-content\/uploads\/sites\/10\/2023\/07\/Prom-Day-1-832x1536.jpg 832w, https:\/\/lebenleben.de\/loewenwaldschule\/wp-content\/uploads\/sites\/10\/2023\/07\/Prom-Day-1-1110x2048.jpg 1110w, https:\/\/lebenleben.de\/loewenwaldschule\/wp-content\/uploads\/sites\/10\/2023\/07\/Prom-Day-1-scaled.jpg 1387w\" sizes=\"auto, (max-width: 278px) 100vw, 278px\" \/><\/figure>\n","protected":false},"excerpt":{"rendered":"<p>Sch\u00fcler und Sch\u00fclerinnen der Sek 1a und 1f haben kurz vor den Sommerferien ihre Schulkolleg:innen verabschiedet, die in die Abschlusstufe wechseln. Das Motto hie\u00df &#8230;macht Euch so h\u00fcbsch wie m\u00f6glich &#8211; wir wollen diesen Tag zelebrieren! Es wurde gemeinsam geschmaust, ganz viel getanzt und auch ein Glas &#8222;Kindersekt&#8220; durfte nicht fehlen. So wie es sich [&hellip;]<\/p>\n","protected":false},"author":4,"featured_media":14314,"comment_status":"closed","ping_status":"closed","sticky":false,"template":"","format":"standard","meta":{"_acf_changed":false,"footnotes":""},"categories":[1],"tags":[],"class_list":["post-14311","post","type-post","status-publish","format-standard","has-post-thumbnail","hentry","category-allgemein"],"acf":[],"yoast_head":"<!-- This site is optimized with the Yoast SEO plugin v27.3 - https:\/\/yoast.com\/product\/yoast-seo-wordpress\/ -->\n<title>&quot;Prom-Day&quot; f\u00fcr alle zuk\u00fcnftigen Sch\u00fcler:innen der Abschlussstufe - Leben leben Loewenwaldschule<\/title>\n<meta name=\"robots\" content=\"index, follow, max-snippet:-1, max-image-preview:large, max-video-preview:-1\" \/>\n<link rel=\"canonical\" href=\"https:\/\/lebenleben.de\/loewenwaldschule\/aktuelles\/2023\/07\/12\/prom-day-fuer-alle-zukuenftigen-schuelerinnen-der-abschlussstufe\/\" \/>\n<meta property=\"og:locale\" content=\"de_DE\" \/>\n<meta property=\"og:type\" content=\"article\" \/>\n<meta property=\"og:title\" content=\"&quot;Prom-Day&quot; f\u00fcr alle zuk\u00fcnftigen Sch\u00fcler:innen der Abschlussstufe - Leben leben Loewenwaldschule\" \/>\n<meta property=\"og:description\" content=\"Sch\u00fcler und Sch\u00fclerinnen der Sek 1a und 1f haben kurz vor den Sommerferien ihre Schulkolleg:innen verabschiedet, die in die Abschlusstufe wechseln. Das Motto hie\u00df &#8230;macht Euch so h\u00fcbsch wie m\u00f6glich &#8211; wir wollen diesen Tag zelebrieren! Es wurde gemeinsam geschmaust, ganz viel getanzt und auch ein Glas &#8222;Kindersekt&#8220; durfte nicht fehlen. So wie es sich [&hellip;]\" \/>\n<meta property=\"og:url\" content=\"https:\/\/lebenleben.de\/loewenwaldschule\/aktuelles\/2023\/07\/12\/prom-day-fuer-alle-zukuenftigen-schuelerinnen-der-abschlussstufe\/\" \/>\n<meta property=\"og:site_name\" content=\"Leben leben Loewenwaldschule\" \/>\n<meta property=\"article:published_time\" content=\"2023-07-12T10:33:20+00:00\" \/>\n<meta property=\"article:modified_time\" content=\"2024-05-28T12:17:37+00:00\" \/>\n<meta property=\"og:image\" content=\"https:\/\/lebenleben.de\/loewenwaldschule\/wp-content\/uploads\/sites\/10\/2023\/07\/Prom-Day-scaled.jpg\" \/>\n\t<meta property=\"og:image:width\" content=\"1531\" \/>\n\t<meta property=\"og:image:height\" content=\"2560\" \/>\n\t<meta property=\"og:image:type\" content=\"image\/jpeg\" \/>\n<meta name=\"author\" content=\"kleibrandt\" \/>\n<meta name=\"twitter:card\" content=\"summary_large_image\" \/>\n<meta name=\"twitter:label1\" content=\"Verfasst von\" \/>\n\t<meta name=\"twitter:data1\" content=\"kleibrandt\" \/>\n\t<meta name=\"twitter:label2\" content=\"Gesch\u00e4tzte Lesezeit\" \/>\n\t<meta name=\"twitter:data2\" content=\"1\u00a0Minute\" \/>\n<script type=\"application\/ld+json\" class=\"yoast-schema-graph\">{\"@context\":\"https:\\\/\\\/schema.org\",\"@graph\":[{\"@type\":\"Article\",\"@id\":\"https:\\\/\\\/lebenleben.de\\\/loewenwaldschule\\\/aktuelles\\\/2023\\\/07\\\/12\\\/prom-day-fuer-alle-zukuenftigen-schuelerinnen-der-abschlussstufe\\\/#article\",\"isPartOf\":{\"@id\":\"https:\\\/\\\/lebenleben.de\\\/loewenwaldschule\\\/aktuelles\\\/2023\\\/07\\\/12\\\/prom-day-fuer-alle-zukuenftigen-schuelerinnen-der-abschlussstufe\\\/\"},\"author\":{\"name\":\"kleibrandt\",\"@id\":\"https:\\\/\\\/lebenleben.de\\\/loewenwaldschule\\\/#\\\/schema\\\/person\\\/7456fc93046cd40a4cdfcb81f5d024a1\"},\"headline\":\"&#8222;Prom-Day&#8220; f\u00fcr alle zuk\u00fcnftigen Sch\u00fcler:innen der Abschlussstufe\",\"datePublished\":\"2023-07-12T10:33:20+00:00\",\"dateModified\":\"2024-05-28T12:17:37+00:00\",\"mainEntityOfPage\":{\"@id\":\"https:\\\/\\\/lebenleben.de\\\/loewenwaldschule\\\/aktuelles\\\/2023\\\/07\\\/12\\\/prom-day-fuer-alle-zukuenftigen-schuelerinnen-der-abschlussstufe\\\/\"},\"wordCount\":77,\"publisher\":{\"@id\":\"https:\\\/\\\/lebenleben.de\\\/loewenwaldschule\\\/#organization\"},\"image\":{\"@id\":\"https:\\\/\\\/lebenleben.de\\\/loewenwaldschule\\\/aktuelles\\\/2023\\\/07\\\/12\\\/prom-day-fuer-alle-zukuenftigen-schuelerinnen-der-abschlussstufe\\\/#primaryimage\"},\"thumbnailUrl\":\"https:\\\/\\\/lebenleben.de\\\/loewenwaldschule\\\/wp-content\\\/uploads\\\/sites\\\/10\\\/2023\\\/07\\\/Prom-Day-scaled.jpg\",\"inLanguage\":\"de\"},{\"@type\":\"WebPage\",\"@id\":\"https:\\\/\\\/lebenleben.de\\\/loewenwaldschule\\\/aktuelles\\\/2023\\\/07\\\/12\\\/prom-day-fuer-alle-zukuenftigen-schuelerinnen-der-abschlussstufe\\\/\",\"url\":\"https:\\\/\\\/lebenleben.de\\\/loewenwaldschule\\\/aktuelles\\\/2023\\\/07\\\/12\\\/prom-day-fuer-alle-zukuenftigen-schuelerinnen-der-abschlussstufe\\\/\",\"name\":\"\\\"Prom-Day\\\" f\u00fcr alle zuk\u00fcnftigen Sch\u00fcler:innen der Abschlussstufe - Leben leben Loewenwaldschule\",\"isPartOf\":{\"@id\":\"https:\\\/\\\/lebenleben.de\\\/loewenwaldschule\\\/#website\"},\"primaryImageOfPage\":{\"@id\":\"https:\\\/\\\/lebenleben.de\\\/loewenwaldschule\\\/aktuelles\\\/2023\\\/07\\\/12\\\/prom-day-fuer-alle-zukuenftigen-schuelerinnen-der-abschlussstufe\\\/#primaryimage\"},\"image\":{\"@id\":\"https:\\\/\\\/lebenleben.de\\\/loewenwaldschule\\\/aktuelles\\\/2023\\\/07\\\/12\\\/prom-day-fuer-alle-zukuenftigen-schuelerinnen-der-abschlussstufe\\\/#primaryimage\"},\"thumbnailUrl\":\"https:\\\/\\\/lebenleben.de\\\/loewenwaldschule\\\/wp-content\\\/uploads\\\/sites\\\/10\\\/2023\\\/07\\\/Prom-Day-scaled.jpg\",\"datePublished\":\"2023-07-12T10:33:20+00:00\",\"dateModified\":\"2024-05-28T12:17:37+00:00\",\"breadcrumb\":{\"@id\":\"https:\\\/\\\/lebenleben.de\\\/loewenwaldschule\\\/aktuelles\\\/2023\\\/07\\\/12\\\/prom-day-fuer-alle-zukuenftigen-schuelerinnen-der-abschlussstufe\\\/#breadcrumb\"},\"inLanguage\":\"de\",\"potentialAction\":[{\"@type\":\"ReadAction\",\"target\":[\"https:\\\/\\\/lebenleben.de\\\/loewenwaldschule\\\/aktuelles\\\/2023\\\/07\\\/12\\\/prom-day-fuer-alle-zukuenftigen-schuelerinnen-der-abschlussstufe\\\/\"]}]},{\"@type\":\"ImageObject\",\"inLanguage\":\"de\",\"@id\":\"https:\\\/\\\/lebenleben.de\\\/loewenwaldschule\\\/aktuelles\\\/2023\\\/07\\\/12\\\/prom-day-fuer-alle-zukuenftigen-schuelerinnen-der-abschlussstufe\\\/#primaryimage\",\"url\":\"https:\\\/\\\/lebenleben.de\\\/loewenwaldschule\\\/wp-content\\\/uploads\\\/sites\\\/10\\\/2023\\\/07\\\/Prom-Day-scaled.jpg\",\"contentUrl\":\"https:\\\/\\\/lebenleben.de\\\/loewenwaldschule\\\/wp-content\\\/uploads\\\/sites\\\/10\\\/2023\\\/07\\\/Prom-Day-scaled.jpg\",\"width\":1531,\"height\":2560},{\"@type\":\"BreadcrumbList\",\"@id\":\"https:\\\/\\\/lebenleben.de\\\/loewenwaldschule\\\/aktuelles\\\/2023\\\/07\\\/12\\\/prom-day-fuer-alle-zukuenftigen-schuelerinnen-der-abschlussstufe\\\/#breadcrumb\",\"itemListElement\":[{\"@type\":\"ListItem\",\"position\":1,\"name\":\"Startseite\",\"item\":\"https:\\\/\\\/lebenleben.de\\\/loewenwaldschule\\\/\"},{\"@type\":\"ListItem\",\"position\":2,\"name\":\"&#8222;Prom-Day&#8220; f\u00fcr alle zuk\u00fcnftigen Sch\u00fcler:innen der Abschlussstufe\"}]},{\"@type\":\"WebSite\",\"@id\":\"https:\\\/\\\/lebenleben.de\\\/loewenwaldschule\\\/#website\",\"url\":\"https:\\\/\\\/lebenleben.de\\\/loewenwaldschule\\\/\",\"name\":\"Leben leben Loewenwaldschule\",\"description\":\"Eine weitere Leben Leben Netzwerk Website\",\"publisher\":{\"@id\":\"https:\\\/\\\/lebenleben.de\\\/loewenwaldschule\\\/#organization\"},\"potentialAction\":[{\"@type\":\"SearchAction\",\"target\":{\"@type\":\"EntryPoint\",\"urlTemplate\":\"https:\\\/\\\/lebenleben.de\\\/loewenwaldschule\\\/?s={search_term_string}\"},\"query-input\":{\"@type\":\"PropertyValueSpecification\",\"valueRequired\":true,\"valueName\":\"search_term_string\"}}],\"inLanguage\":\"de\"},{\"@type\":\"Organization\",\"@id\":\"https:\\\/\\\/lebenleben.de\\\/loewenwaldschule\\\/#organization\",\"name\":\"Leben leben Loewenwaldschule\",\"url\":\"https:\\\/\\\/lebenleben.de\\\/loewenwaldschule\\\/\",\"logo\":{\"@type\":\"ImageObject\",\"inLanguage\":\"de\",\"@id\":\"https:\\\/\\\/lebenleben.de\\\/loewenwaldschule\\\/#\\\/schema\\\/logo\\\/image\\\/\",\"url\":\"https:\\\/\\\/lebenleben.de\\\/loewenwaldschule\\\/wp-content\\\/uploads\\\/sites\\\/10\\\/2021\\\/01\\\/ll_favicon-green.png\",\"contentUrl\":\"https:\\\/\\\/lebenleben.de\\\/loewenwaldschule\\\/wp-content\\\/uploads\\\/sites\\\/10\\\/2021\\\/01\\\/ll_favicon-green.png\",\"width\":501,\"height\":501,\"caption\":\"Leben leben Loewenwaldschule\"},\"image\":{\"@id\":\"https:\\\/\\\/lebenleben.de\\\/loewenwaldschule\\\/#\\\/schema\\\/logo\\\/image\\\/\"}},{\"@type\":\"Person\",\"@id\":\"https:\\\/\\\/lebenleben.de\\\/loewenwaldschule\\\/#\\\/schema\\\/person\\\/7456fc93046cd40a4cdfcb81f5d024a1\",\"name\":\"kleibrandt\",\"image\":{\"@type\":\"ImageObject\",\"inLanguage\":\"de\",\"@id\":\"https:\\\/\\\/secure.gravatar.com\\\/avatar\\\/cd4eee09296d42b7270dded4fbeab5d9546683b35a607ceca8f7ed3cd69935ea?s=96&d=mm&r=g\",\"url\":\"https:\\\/\\\/secure.gravatar.com\\\/avatar\\\/cd4eee09296d42b7270dded4fbeab5d9546683b35a607ceca8f7ed3cd69935ea?s=96&d=mm&r=g\",\"contentUrl\":\"https:\\\/\\\/secure.gravatar.com\\\/avatar\\\/cd4eee09296d42b7270dded4fbeab5d9546683b35a607ceca8f7ed3cd69935ea?s=96&d=mm&r=g\",\"caption\":\"kleibrandt\"},\"url\":\"https:\\\/\\\/lebenleben.de\\\/loewenwaldschule\\\/aktuelles\\\/author\\\/kleibrandt\\\/\"}]}<\/script>\n<!-- \/ Yoast SEO plugin. -->","yoast_head_json":{"title":"\"Prom-Day\" f\u00fcr alle zuk\u00fcnftigen Sch\u00fcler:innen der Abschlussstufe - Leben leben Loewenwaldschule","robots":{"index":"index","follow":"follow","max-snippet":"max-snippet:-1","max-image-preview":"max-image-preview:large","max-video-preview":"max-video-preview:-1"},"canonical":"https:\/\/lebenleben.de\/loewenwaldschule\/aktuelles\/2023\/07\/12\/prom-day-fuer-alle-zukuenftigen-schuelerinnen-der-abschlussstufe\/","og_locale":"de_DE","og_type":"article","og_title":"\"Prom-Day\" f\u00fcr alle zuk\u00fcnftigen Sch\u00fcler:innen der Abschlussstufe - Leben leben Loewenwaldschule","og_description":"Sch\u00fcler und Sch\u00fclerinnen der Sek 1a und 1f haben kurz vor den Sommerferien ihre Schulkolleg:innen verabschiedet, die in die Abschlusstufe wechseln. Das Motto hie\u00df &#8230;macht Euch so h\u00fcbsch wie m\u00f6glich &#8211; wir wollen diesen Tag zelebrieren! Es wurde gemeinsam geschmaust, ganz viel getanzt und auch ein Glas &#8222;Kindersekt&#8220; durfte nicht fehlen. So wie es sich [&hellip;]","og_url":"https:\/\/lebenleben.de\/loewenwaldschule\/aktuelles\/2023\/07\/12\/prom-day-fuer-alle-zukuenftigen-schuelerinnen-der-abschlussstufe\/","og_site_name":"Leben leben Loewenwaldschule","article_published_time":"2023-07-12T10:33:20+00:00","article_modified_time":"2024-05-28T12:17:37+00:00","og_image":[{"width":1531,"height":2560,"url":"https:\/\/lebenleben.de\/loewenwaldschule\/wp-content\/uploads\/sites\/10\/2023\/07\/Prom-Day-scaled.jpg","type":"image\/jpeg"}],"author":"kleibrandt","twitter_card":"summary_large_image","twitter_misc":{"Verfasst von":"kleibrandt","Gesch\u00e4tzte Lesezeit":"1\u00a0Minute"},"schema":{"@context":"https:\/\/schema.org","@graph":[{"@type":"Article","@id":"https:\/\/lebenleben.de\/loewenwaldschule\/aktuelles\/2023\/07\/12\/prom-day-fuer-alle-zukuenftigen-schuelerinnen-der-abschlussstufe\/#article","isPartOf":{"@id":"https:\/\/lebenleben.de\/loewenwaldschule\/aktuelles\/2023\/07\/12\/prom-day-fuer-alle-zukuenftigen-schuelerinnen-der-abschlussstufe\/"},"author":{"name":"kleibrandt","@id":"https:\/\/lebenleben.de\/loewenwaldschule\/#\/schema\/person\/7456fc93046cd40a4cdfcb81f5d024a1"},"headline":"&#8222;Prom-Day&#8220; f\u00fcr alle zuk\u00fcnftigen Sch\u00fcler:innen der Abschlussstufe","datePublished":"2023-07-12T10:33:20+00:00","dateModified":"2024-05-28T12:17:37+00:00","mainEntityOfPage":{"@id":"https:\/\/lebenleben.de\/loewenwaldschule\/aktuelles\/2023\/07\/12\/prom-day-fuer-alle-zukuenftigen-schuelerinnen-der-abschlussstufe\/"},"wordCount":77,"publisher":{"@id":"https:\/\/lebenleben.de\/loewenwaldschule\/#organization"},"image":{"@id":"https:\/\/lebenleben.de\/loewenwaldschule\/aktuelles\/2023\/07\/12\/prom-day-fuer-alle-zukuenftigen-schuelerinnen-der-abschlussstufe\/#primaryimage"},"thumbnailUrl":"https:\/\/lebenleben.de\/loewenwaldschule\/wp-content\/uploads\/sites\/10\/2023\/07\/Prom-Day-scaled.jpg","inLanguage":"de"},{"@type":"WebPage","@id":"https:\/\/lebenleben.de\/loewenwaldschule\/aktuelles\/2023\/07\/12\/prom-day-fuer-alle-zukuenftigen-schuelerinnen-der-abschlussstufe\/","url":"https:\/\/lebenleben.de\/loewenwaldschule\/aktuelles\/2023\/07\/12\/prom-day-fuer-alle-zukuenftigen-schuelerinnen-der-abschlussstufe\/","name":"\"Prom-Day\" f\u00fcr alle zuk\u00fcnftigen Sch\u00fcler:innen der Abschlussstufe - Leben leben Loewenwaldschule","isPartOf":{"@id":"https:\/\/lebenleben.de\/loewenwaldschule\/#website"},"primaryImageOfPage":{"@id":"https:\/\/lebenleben.de\/loewenwaldschule\/aktuelles\/2023\/07\/12\/prom-day-fuer-alle-zukuenftigen-schuelerinnen-der-abschlussstufe\/#primaryimage"},"image":{"@id":"https:\/\/lebenleben.de\/loewenwaldschule\/aktuelles\/2023\/07\/12\/prom-day-fuer-alle-zukuenftigen-schuelerinnen-der-abschlussstufe\/#primaryimage"},"thumbnailUrl":"https:\/\/lebenleben.de\/loewenwaldschule\/wp-content\/uploads\/sites\/10\/2023\/07\/Prom-Day-scaled.jpg","datePublished":"2023-07-12T10:33:20+00:00","dateModified":"2024-05-28T12:17:37+00:00","breadcrumb":{"@id":"https:\/\/lebenleben.de\/loewenwaldschule\/aktuelles\/2023\/07\/12\/prom-day-fuer-alle-zukuenftigen-schuelerinnen-der-abschlussstufe\/#breadcrumb"},"inLanguage":"de","potentialAction":[{"@type":"ReadAction","target":["https:\/\/lebenleben.de\/loewenwaldschule\/aktuelles\/2023\/07\/12\/prom-day-fuer-alle-zukuenftigen-schuelerinnen-der-abschlussstufe\/"]}]},{"@type":"ImageObject","inLanguage":"de","@id":"https:\/\/lebenleben.de\/loewenwaldschule\/aktuelles\/2023\/07\/12\/prom-day-fuer-alle-zukuenftigen-schuelerinnen-der-abschlussstufe\/#primaryimage","url":"https:\/\/lebenleben.de\/loewenwaldschule\/wp-content\/uploads\/sites\/10\/2023\/07\/Prom-Day-scaled.jpg","contentUrl":"https:\/\/lebenleben.de\/loewenwaldschule\/wp-content\/uploads\/sites\/10\/2023\/07\/Prom-Day-scaled.jpg","width":1531,"height":2560},{"@type":"BreadcrumbList","@id":"https:\/\/lebenleben.de\/loewenwaldschule\/aktuelles\/2023\/07\/12\/prom-day-fuer-alle-zukuenftigen-schuelerinnen-der-abschlussstufe\/#breadcrumb","itemListElement":[{"@type":"ListItem","position":1,"name":"Startseite","item":"https:\/\/lebenleben.de\/loewenwaldschule\/"},{"@type":"ListItem","position":2,"name":"&#8222;Prom-Day&#8220; f\u00fcr alle zuk\u00fcnftigen Sch\u00fcler:innen der Abschlussstufe"}]},{"@type":"WebSite","@id":"https:\/\/lebenleben.de\/loewenwaldschule\/#website","url":"https:\/\/lebenleben.de\/loewenwaldschule\/","name":"Leben leben Loewenwaldschule","description":"Eine weitere Leben Leben Netzwerk Website","publisher":{"@id":"https:\/\/lebenleben.de\/loewenwaldschule\/#organization"},"potentialAction":[{"@type":"SearchAction","target":{"@type":"EntryPoint","urlTemplate":"https:\/\/lebenleben.de\/loewenwaldschule\/?s={search_term_string}"},"query-input":{"@type":"PropertyValueSpecification","valueRequired":true,"valueName":"search_term_string"}}],"inLanguage":"de"},{"@type":"Organization","@id":"https:\/\/lebenleben.de\/loewenwaldschule\/#organization","name":"Leben leben Loewenwaldschule","url":"https:\/\/lebenleben.de\/loewenwaldschule\/","logo":{"@type":"ImageObject","inLanguage":"de","@id":"https:\/\/lebenleben.de\/loewenwaldschule\/#\/schema\/logo\/image\/","url":"https:\/\/lebenleben.de\/loewenwaldschule\/wp-content\/uploads\/sites\/10\/2021\/01\/ll_favicon-green.png","contentUrl":"https:\/\/lebenleben.de\/loewenwaldschule\/wp-content\/uploads\/sites\/10\/2021\/01\/ll_favicon-green.png","width":501,"height":501,"caption":"Leben leben Loewenwaldschule"},"image":{"@id":"https:\/\/lebenleben.de\/loewenwaldschule\/#\/schema\/logo\/image\/"}},{"@type":"Person","@id":"https:\/\/lebenleben.de\/loewenwaldschule\/#\/schema\/person\/7456fc93046cd40a4cdfcb81f5d024a1","name":"kleibrandt","image":{"@type":"ImageObject","inLanguage":"de","@id":"https:\/\/secure.gravatar.com\/avatar\/cd4eee09296d42b7270dded4fbeab5d9546683b35a607ceca8f7ed3cd69935ea?s=96&d=mm&r=g","url":"https:\/\/secure.gravatar.com\/avatar\/cd4eee09296d42b7270dded4fbeab5d9546683b35a607ceca8f7ed3cd69935ea?s=96&d=mm&r=g","contentUrl":"https:\/\/secure.gravatar.com\/avatar\/cd4eee09296d42b7270dded4fbeab5d9546683b35a607ceca8f7ed3cd69935ea?s=96&d=mm&r=g","caption":"kleibrandt"},"url":"https:\/\/lebenleben.de\/loewenwaldschule\/aktuelles\/author\/kleibrandt\/"}]}},"_links":{"self":[{"href":"https:\/\/lebenleben.de\/loewenwaldschule\/wp-json\/wp\/v2\/posts\/14311","targetHints":{"allow":["GET"]}}],"collection":[{"href":"https:\/\/lebenleben.de\/loewenwaldschule\/wp-json\/wp\/v2\/posts"}],"about":[{"href":"https:\/\/lebenleben.de\/loewenwaldschule\/wp-json\/wp\/v2\/types\/post"}],"author":[{"embeddable":true,"href":"https:\/\/lebenleben.de\/loewenwaldschule\/wp-json\/wp\/v2\/users\/4"}],"replies":[{"embeddable":true,"href":"https:\/\/lebenleben.de\/loewenwaldschule\/wp-json\/wp\/v2\/comments?post=14311"}],"version-history":[{"count":2,"href":"https:\/\/lebenleben.de\/loewenwaldschule\/wp-json\/wp\/v2\/posts\/14311\/revisions"}],"predecessor-version":[{"id":14551,"href":"https:\/\/lebenleben.de\/loewenwaldschule\/wp-json\/wp\/v2\/posts\/14311\/revisions\/14551"}],"wp:featuredmedia":[{"embeddable":true,"href":"https:\/\/lebenleben.de\/loewenwaldschule\/wp-json\/wp\/v2\/media\/14314"}],"wp:attachment":[{"href":"https:\/\/lebenleben.de\/loewenwaldschule\/wp-json\/wp\/v2\/media?parent=14311"}],"wp:term":[{"taxonomy":"category","embeddable":true,"href":"https:\/\/lebenleben.de\/loewenwaldschule\/wp-json\/wp\/v2\/categories?post=14311"},{"taxonomy":"post_tag","embeddable":true,"href":"https:\/\/lebenleben.de\/loewenwaldschule\/wp-json\/wp\/v2\/tags?post=14311"}],"curies":[{"name":"wp","href":"https:\/\/api.w.org\/{rel}","templated":true}]}}