{"id":14316,"date":"2023-07-14T16:45:57","date_gmt":"2023-07-14T14:45:57","guid":{"rendered":"https:\/\/lebenleben.de\/loewenwaldschule\/?p=14316"},"modified":"2024-05-28T14:17:33","modified_gmt":"2024-05-28T12:17:33","slug":"sommerfest-2023","status":"publish","type":"post","link":"https:\/\/lebenleben.de\/loewenwaldschule\/aktuelles\/2023\/07\/14\/sommerfest-2023\/","title":{"rendered":"Sommerfest 2023"},"content":{"rendered":"\n<p>Am Donnerstag, den 13.7. wurde in der Von-Estorff Str. in Uelzen gefeiert. Mit einem bunten Programm haben wir, die Teams der Loewenwaldschule, zusammen mit dem Heilp\u00e4dagogischen und Sprachheilkindergarten unsere Kinder in die Sommerferien verabschiedet! Was zu Coronazeiten lange nicht m\u00f6glich war, wurde in diesem Jahr nachgeholt! So durften am Donnerstag erstmalig auch wieder ausw\u00e4rtige G\u00e4ste teilnehmen &#8211; von den Gro\u00dfeltern \u00fcber Tanten, Onkel, Nichten und Neffen. Jeder war herzlich willkommen! Und auf dem Gel\u00e4nde des Kinder und Jugendbereiches in der Von-Estorff Str. wurde so einiges geboten &#8230;Spiel, Spa\u00df und Schlemmerein waren garantiert. Gleich nach der Er\u00f6ffnung wurde es musikalisch und unsere Akteure wurden mit gro\u00dfem Applaus bedacht!<\/p>\n\n\n\n<p>Die Steakschmiede Auszeit aus Suderburg sorgte f\u00fcr das leibliche Wohl und konnte mit selbstgemachten Burgern mit regionalen und \u00f6kologischen Bezug \u00fcberzeugen. Aber auch die vegetarischen Angebote fanden viel Absatz und hinterlie\u00dfen durchweg gl\u00fcckliche Gesichter.\u00a0<\/p>\n\n\n\n<p>Eine riesige Hindernisbahn und eine H\u00fcpfburg sorgten f\u00fcr viel Spa\u00df und gute Laune. Wer dann noch nicht genug hatte, besuchte die Schatzsuche, f\u00e4delte Hawaiiketten, drehte am Gl\u00fccksrad, lies sich schminken oder holte sich ein Popcorn oder ein Slush. Eis gab es nat\u00fcrlich auch und das nicht zu knapp. Die Firma Froneri Sch\u00f6ller stellte extra f\u00fcr diesen Anlass kostenlos eine gro\u00dfe K\u00fchltruhe mit einer gro\u00dfen Auswahl aus ihrem Sortiment zur Verf\u00fcgung!<\/p>\n\n\n\n<p>Das Sommerfestkomitee zeigte sich am Ende mit den fast 400 geladenen Besucher:innen sehr zufrieden und stellte f\u00fcr das n\u00e4chste Jahr unbedingt Wiederholungsbedarf fest.\u00a0<\/p>\n\n\n\n<p><\/p>\n\n\n\n<figure class=\"wp-block-gallery has-nested-images columns-default is-cropped wp-block-gallery-1 is-layout-flex wp-block-gallery-is-layout-flex\">\n<figure class=\"wp-block-image size-large\"><img loading=\"lazy\" decoding=\"async\" width=\"752\" height=\"1024\" data-id=\"14324\" src=\"https:\/\/lebenleben.de\/loewenwaldschule\/wp-content\/uploads\/sites\/10\/2023\/07\/DSC01770-752x1024.jpg\" alt=\"\" class=\"wp-image-14324\" srcset=\"https:\/\/lebenleben.de\/loewenwaldschule\/wp-content\/uploads\/sites\/10\/2023\/07\/DSC01770-752x1024.jpg 752w, https:\/\/lebenleben.de\/loewenwaldschule\/wp-content\/uploads\/sites\/10\/2023\/07\/DSC01770-220x300.jpg 220w, https:\/\/lebenleben.de\/loewenwaldschule\/wp-content\/uploads\/sites\/10\/2023\/07\/DSC01770-768x1046.jpg 768w, https:\/\/lebenleben.de\/loewenwaldschule\/wp-content\/uploads\/sites\/10\/2023\/07\/DSC01770-1128x1536.jpg 1128w, https:\/\/lebenleben.de\/loewenwaldschule\/wp-content\/uploads\/sites\/10\/2023\/07\/DSC01770.jpg 1283w\" sizes=\"auto, (max-width: 752px) 100vw, 752px\" \/><\/figure>\n\n\n\n<figure class=\"wp-block-image size-large\"><img loading=\"lazy\" decoding=\"async\" width=\"683\" height=\"1024\" data-id=\"14318\" src=\"https:\/\/lebenleben.de\/loewenwaldschule\/wp-content\/uploads\/sites\/10\/2023\/07\/DSC01737-683x1024.jpg\" alt=\"\" class=\"wp-image-14318\" srcset=\"https:\/\/lebenleben.de\/loewenwaldschule\/wp-content\/uploads\/sites\/10\/2023\/07\/DSC01737-683x1024.jpg 683w, https:\/\/lebenleben.de\/loewenwaldschule\/wp-content\/uploads\/sites\/10\/2023\/07\/DSC01737-200x300.jpg 200w, https:\/\/lebenleben.de\/loewenwaldschule\/wp-content\/uploads\/sites\/10\/2023\/07\/DSC01737-768x1152.jpg 768w, https:\/\/lebenleben.de\/loewenwaldschule\/wp-content\/uploads\/sites\/10\/2023\/07\/DSC01737-1024x1536.jpg 1024w, https:\/\/lebenleben.de\/loewenwaldschule\/wp-content\/uploads\/sites\/10\/2023\/07\/DSC01737.jpg 1365w\" sizes=\"auto, (max-width: 683px) 100vw, 683px\" \/><\/figure>\n\n\n\n<figure class=\"wp-block-image size-large\"><img loading=\"lazy\" decoding=\"async\" width=\"1024\" height=\"683\" data-id=\"14317\" src=\"https:\/\/lebenleben.de\/loewenwaldschule\/wp-content\/uploads\/sites\/10\/2023\/07\/DSC01821-1024x683.jpg\" alt=\"\" class=\"wp-image-14317\" srcset=\"https:\/\/lebenleben.de\/loewenwaldschule\/wp-content\/uploads\/sites\/10\/2023\/07\/DSC01821-1024x683.jpg 1024w, https:\/\/lebenleben.de\/loewenwaldschule\/wp-content\/uploads\/sites\/10\/2023\/07\/DSC01821-300x200.jpg 300w, https:\/\/lebenleben.de\/loewenwaldschule\/wp-content\/uploads\/sites\/10\/2023\/07\/DSC01821-768x512.jpg 768w, https:\/\/lebenleben.de\/loewenwaldschule\/wp-content\/uploads\/sites\/10\/2023\/07\/DSC01821-1536x1024.jpg 1536w, https:\/\/lebenleben.de\/loewenwaldschule\/wp-content\/uploads\/sites\/10\/2023\/07\/DSC01821.jpg 2048w\" sizes=\"auto, (max-width: 1024px) 100vw, 1024px\" \/><\/figure>\n\n\n\n<figure class=\"wp-block-image size-large\"><img loading=\"lazy\" decoding=\"async\" width=\"683\" height=\"1024\" data-id=\"14319\" src=\"https:\/\/lebenleben.de\/loewenwaldschule\/wp-content\/uploads\/sites\/10\/2023\/07\/DSC01767-683x1024.jpg\" alt=\"\" class=\"wp-image-14319\" srcset=\"https:\/\/lebenleben.de\/loewenwaldschule\/wp-content\/uploads\/sites\/10\/2023\/07\/DSC01767-683x1024.jpg 683w, https:\/\/lebenleben.de\/loewenwaldschule\/wp-content\/uploads\/sites\/10\/2023\/07\/DSC01767-200x300.jpg 200w, https:\/\/lebenleben.de\/loewenwaldschule\/wp-content\/uploads\/sites\/10\/2023\/07\/DSC01767-768x1152.jpg 768w, https:\/\/lebenleben.de\/loewenwaldschule\/wp-content\/uploads\/sites\/10\/2023\/07\/DSC01767-1024x1536.jpg 1024w, https:\/\/lebenleben.de\/loewenwaldschule\/wp-content\/uploads\/sites\/10\/2023\/07\/DSC01767.jpg 1365w\" sizes=\"auto, (max-width: 683px) 100vw, 683px\" \/><\/figure>\n\n\n\n<figure class=\"wp-block-image size-large\"><img loading=\"lazy\" decoding=\"async\" width=\"683\" height=\"1024\" data-id=\"14321\" src=\"https:\/\/lebenleben.de\/loewenwaldschule\/wp-content\/uploads\/sites\/10\/2023\/07\/DSC01914-683x1024.jpg\" alt=\"\" class=\"wp-image-14321\" srcset=\"https:\/\/lebenleben.de\/loewenwaldschule\/wp-content\/uploads\/sites\/10\/2023\/07\/DSC01914-683x1024.jpg 683w, https:\/\/lebenleben.de\/loewenwaldschule\/wp-content\/uploads\/sites\/10\/2023\/07\/DSC01914-200x300.jpg 200w, https:\/\/lebenleben.de\/loewenwaldschule\/wp-content\/uploads\/sites\/10\/2023\/07\/DSC01914-768x1152.jpg 768w, https:\/\/lebenleben.de\/loewenwaldschule\/wp-content\/uploads\/sites\/10\/2023\/07\/DSC01914-1024x1536.jpg 1024w, https:\/\/lebenleben.de\/loewenwaldschule\/wp-content\/uploads\/sites\/10\/2023\/07\/DSC01914.jpg 1365w\" sizes=\"auto, (max-width: 683px) 100vw, 683px\" \/><\/figure>\n\n\n\n<figure class=\"wp-block-image size-large\"><img loading=\"lazy\" decoding=\"async\" width=\"1024\" height=\"683\" data-id=\"14323\" src=\"https:\/\/lebenleben.de\/loewenwaldschule\/wp-content\/uploads\/sites\/10\/2023\/07\/DSC01829-1024x683.jpg\" alt=\"\" class=\"wp-image-14323\" srcset=\"https:\/\/lebenleben.de\/loewenwaldschule\/wp-content\/uploads\/sites\/10\/2023\/07\/DSC01829-1024x683.jpg 1024w, https:\/\/lebenleben.de\/loewenwaldschule\/wp-content\/uploads\/sites\/10\/2023\/07\/DSC01829-300x200.jpg 300w, https:\/\/lebenleben.de\/loewenwaldschule\/wp-content\/uploads\/sites\/10\/2023\/07\/DSC01829-768x512.jpg 768w, https:\/\/lebenleben.de\/loewenwaldschule\/wp-content\/uploads\/sites\/10\/2023\/07\/DSC01829-1536x1024.jpg 1536w, https:\/\/lebenleben.de\/loewenwaldschule\/wp-content\/uploads\/sites\/10\/2023\/07\/DSC01829.jpg 2048w\" sizes=\"auto, (max-width: 1024px) 100vw, 1024px\" \/><\/figure>\n<\/figure>\n","protected":false},"excerpt":{"rendered":"<p>Am Donnerstag, den 13.7. wurde in der Von-Estorff Str. in Uelzen gefeiert. Mit einem bunten Programm haben wir, die Teams der Loewenwaldschule, zusammen mit dem Heilp\u00e4dagogischen und Sprachheilkindergarten unsere Kinder in die Sommerferien verabschiedet! Was zu Coronazeiten lange nicht m\u00f6glich war, wurde in diesem Jahr nachgeholt! So durften am Donnerstag erstmalig auch wieder ausw\u00e4rtige G\u00e4ste [&hellip;]<\/p>\n","protected":false},"author":4,"featured_media":14317,"comment_status":"closed","ping_status":"closed","sticky":false,"template":"","format":"standard","meta":{"_acf_changed":false,"footnotes":""},"categories":[1],"tags":[],"class_list":["post-14316","post","type-post","status-publish","format-standard","has-post-thumbnail","hentry","category-allgemein"],"acf":[],"yoast_head":"<!-- This site is optimized with the Yoast SEO plugin v27.3 - https:\/\/yoast.com\/product\/yoast-seo-wordpress\/ -->\n<title>Sommerfest 2023 - Leben leben Loewenwaldschule<\/title>\n<meta name=\"robots\" content=\"index, follow, max-snippet:-1, max-image-preview:large, max-video-preview:-1\" \/>\n<link rel=\"canonical\" href=\"https:\/\/lebenleben.de\/loewenwaldschule\/aktuelles\/2023\/07\/14\/sommerfest-2023\/\" \/>\n<meta property=\"og:locale\" content=\"de_DE\" \/>\n<meta property=\"og:type\" content=\"article\" \/>\n<meta property=\"og:title\" content=\"Sommerfest 2023 - Leben leben Loewenwaldschule\" \/>\n<meta property=\"og:description\" content=\"Am Donnerstag, den 13.7. wurde in der Von-Estorff Str. in Uelzen gefeiert. Mit einem bunten Programm haben wir, die Teams der Loewenwaldschule, zusammen mit dem Heilp\u00e4dagogischen und Sprachheilkindergarten unsere Kinder in die Sommerferien verabschiedet! Was zu Coronazeiten lange nicht m\u00f6glich war, wurde in diesem Jahr nachgeholt! So durften am Donnerstag erstmalig auch wieder ausw\u00e4rtige G\u00e4ste [&hellip;]\" \/>\n<meta property=\"og:url\" content=\"https:\/\/lebenleben.de\/loewenwaldschule\/aktuelles\/2023\/07\/14\/sommerfest-2023\/\" \/>\n<meta property=\"og:site_name\" content=\"Leben leben Loewenwaldschule\" \/>\n<meta property=\"article:published_time\" content=\"2023-07-14T14:45:57+00:00\" \/>\n<meta property=\"article:modified_time\" content=\"2024-05-28T12:17:33+00:00\" \/>\n<meta property=\"og:image\" content=\"https:\/\/lebenleben.de\/loewenwaldschule\/wp-content\/uploads\/sites\/10\/2023\/07\/DSC01821.jpg\" \/>\n\t<meta property=\"og:image:width\" content=\"2048\" \/>\n\t<meta property=\"og:image:height\" content=\"1365\" \/>\n\t<meta property=\"og:image:type\" content=\"image\/jpeg\" \/>\n<meta name=\"author\" content=\"kleibrandt\" \/>\n<meta name=\"twitter:card\" content=\"summary_large_image\" \/>\n<meta name=\"twitter:label1\" content=\"Verfasst von\" \/>\n\t<meta name=\"twitter:data1\" content=\"kleibrandt\" \/>\n\t<meta name=\"twitter:label2\" content=\"Gesch\u00e4tzte Lesezeit\" \/>\n\t<meta name=\"twitter:data2\" content=\"3\u00a0Minuten\" \/>\n<script type=\"application\/ld+json\" class=\"yoast-schema-graph\">{\"@context\":\"https:\\\/\\\/schema.org\",\"@graph\":[{\"@type\":\"Article\",\"@id\":\"https:\\\/\\\/lebenleben.de\\\/loewenwaldschule\\\/aktuelles\\\/2023\\\/07\\\/14\\\/sommerfest-2023\\\/#article\",\"isPartOf\":{\"@id\":\"https:\\\/\\\/lebenleben.de\\\/loewenwaldschule\\\/aktuelles\\\/2023\\\/07\\\/14\\\/sommerfest-2023\\\/\"},\"author\":{\"name\":\"kleibrandt\",\"@id\":\"https:\\\/\\\/lebenleben.de\\\/loewenwaldschule\\\/#\\\/schema\\\/person\\\/7456fc93046cd40a4cdfcb81f5d024a1\"},\"headline\":\"Sommerfest 2023\",\"datePublished\":\"2023-07-14T14:45:57+00:00\",\"dateModified\":\"2024-05-28T12:17:33+00:00\",\"mainEntityOfPage\":{\"@id\":\"https:\\\/\\\/lebenleben.de\\\/loewenwaldschule\\\/aktuelles\\\/2023\\\/07\\\/14\\\/sommerfest-2023\\\/\"},\"wordCount\":258,\"publisher\":{\"@id\":\"https:\\\/\\\/lebenleben.de\\\/loewenwaldschule\\\/#organization\"},\"image\":{\"@id\":\"https:\\\/\\\/lebenleben.de\\\/loewenwaldschule\\\/aktuelles\\\/2023\\\/07\\\/14\\\/sommerfest-2023\\\/#primaryimage\"},\"thumbnailUrl\":\"https:\\\/\\\/lebenleben.de\\\/loewenwaldschule\\\/wp-content\\\/uploads\\\/sites\\\/10\\\/2023\\\/07\\\/DSC01821.jpg\",\"inLanguage\":\"de\"},{\"@type\":\"WebPage\",\"@id\":\"https:\\\/\\\/lebenleben.de\\\/loewenwaldschule\\\/aktuelles\\\/2023\\\/07\\\/14\\\/sommerfest-2023\\\/\",\"url\":\"https:\\\/\\\/lebenleben.de\\\/loewenwaldschule\\\/aktuelles\\\/2023\\\/07\\\/14\\\/sommerfest-2023\\\/\",\"name\":\"Sommerfest 2023 - Leben leben Loewenwaldschule\",\"isPartOf\":{\"@id\":\"https:\\\/\\\/lebenleben.de\\\/loewenwaldschule\\\/#website\"},\"primaryImageOfPage\":{\"@id\":\"https:\\\/\\\/lebenleben.de\\\/loewenwaldschule\\\/aktuelles\\\/2023\\\/07\\\/14\\\/sommerfest-2023\\\/#primaryimage\"},\"image\":{\"@id\":\"https:\\\/\\\/lebenleben.de\\\/loewenwaldschule\\\/aktuelles\\\/2023\\\/07\\\/14\\\/sommerfest-2023\\\/#primaryimage\"},\"thumbnailUrl\":\"https:\\\/\\\/lebenleben.de\\\/loewenwaldschule\\\/wp-content\\\/uploads\\\/sites\\\/10\\\/2023\\\/07\\\/DSC01821.jpg\",\"datePublished\":\"2023-07-14T14:45:57+00:00\",\"dateModified\":\"2024-05-28T12:17:33+00:00\",\"breadcrumb\":{\"@id\":\"https:\\\/\\\/lebenleben.de\\\/loewenwaldschule\\\/aktuelles\\\/2023\\\/07\\\/14\\\/sommerfest-2023\\\/#breadcrumb\"},\"inLanguage\":\"de\",\"potentialAction\":[{\"@type\":\"ReadAction\",\"target\":[\"https:\\\/\\\/lebenleben.de\\\/loewenwaldschule\\\/aktuelles\\\/2023\\\/07\\\/14\\\/sommerfest-2023\\\/\"]}]},{\"@type\":\"ImageObject\",\"inLanguage\":\"de\",\"@id\":\"https:\\\/\\\/lebenleben.de\\\/loewenwaldschule\\\/aktuelles\\\/2023\\\/07\\\/14\\\/sommerfest-2023\\\/#primaryimage\",\"url\":\"https:\\\/\\\/lebenleben.de\\\/loewenwaldschule\\\/wp-content\\\/uploads\\\/sites\\\/10\\\/2023\\\/07\\\/DSC01821.jpg\",\"contentUrl\":\"https:\\\/\\\/lebenleben.de\\\/loewenwaldschule\\\/wp-content\\\/uploads\\\/sites\\\/10\\\/2023\\\/07\\\/DSC01821.jpg\",\"width\":2048,\"height\":1365},{\"@type\":\"BreadcrumbList\",\"@id\":\"https:\\\/\\\/lebenleben.de\\\/loewenwaldschule\\\/aktuelles\\\/2023\\\/07\\\/14\\\/sommerfest-2023\\\/#breadcrumb\",\"itemListElement\":[{\"@type\":\"ListItem\",\"position\":1,\"name\":\"Startseite\",\"item\":\"https:\\\/\\\/lebenleben.de\\\/loewenwaldschule\\\/\"},{\"@type\":\"ListItem\",\"position\":2,\"name\":\"Sommerfest 2023\"}]},{\"@type\":\"WebSite\",\"@id\":\"https:\\\/\\\/lebenleben.de\\\/loewenwaldschule\\\/#website\",\"url\":\"https:\\\/\\\/lebenleben.de\\\/loewenwaldschule\\\/\",\"name\":\"Leben leben Loewenwaldschule\",\"description\":\"Eine weitere Leben Leben Netzwerk Website\",\"publisher\":{\"@id\":\"https:\\\/\\\/lebenleben.de\\\/loewenwaldschule\\\/#organization\"},\"potentialAction\":[{\"@type\":\"SearchAction\",\"target\":{\"@type\":\"EntryPoint\",\"urlTemplate\":\"https:\\\/\\\/lebenleben.de\\\/loewenwaldschule\\\/?s={search_term_string}\"},\"query-input\":{\"@type\":\"PropertyValueSpecification\",\"valueRequired\":true,\"valueName\":\"search_term_string\"}}],\"inLanguage\":\"de\"},{\"@type\":\"Organization\",\"@id\":\"https:\\\/\\\/lebenleben.de\\\/loewenwaldschule\\\/#organization\",\"name\":\"Leben leben Loewenwaldschule\",\"url\":\"https:\\\/\\\/lebenleben.de\\\/loewenwaldschule\\\/\",\"logo\":{\"@type\":\"ImageObject\",\"inLanguage\":\"de\",\"@id\":\"https:\\\/\\\/lebenleben.de\\\/loewenwaldschule\\\/#\\\/schema\\\/logo\\\/image\\\/\",\"url\":\"https:\\\/\\\/lebenleben.de\\\/loewenwaldschule\\\/wp-content\\\/uploads\\\/sites\\\/10\\\/2021\\\/01\\\/ll_favicon-green.png\",\"contentUrl\":\"https:\\\/\\\/lebenleben.de\\\/loewenwaldschule\\\/wp-content\\\/uploads\\\/sites\\\/10\\\/2021\\\/01\\\/ll_favicon-green.png\",\"width\":501,\"height\":501,\"caption\":\"Leben leben Loewenwaldschule\"},\"image\":{\"@id\":\"https:\\\/\\\/lebenleben.de\\\/loewenwaldschule\\\/#\\\/schema\\\/logo\\\/image\\\/\"}},{\"@type\":\"Person\",\"@id\":\"https:\\\/\\\/lebenleben.de\\\/loewenwaldschule\\\/#\\\/schema\\\/person\\\/7456fc93046cd40a4cdfcb81f5d024a1\",\"name\":\"kleibrandt\",\"image\":{\"@type\":\"ImageObject\",\"inLanguage\":\"de\",\"@id\":\"https:\\\/\\\/secure.gravatar.com\\\/avatar\\\/cd4eee09296d42b7270dded4fbeab5d9546683b35a607ceca8f7ed3cd69935ea?s=96&d=mm&r=g\",\"url\":\"https:\\\/\\\/secure.gravatar.com\\\/avatar\\\/cd4eee09296d42b7270dded4fbeab5d9546683b35a607ceca8f7ed3cd69935ea?s=96&d=mm&r=g\",\"contentUrl\":\"https:\\\/\\\/secure.gravatar.com\\\/avatar\\\/cd4eee09296d42b7270dded4fbeab5d9546683b35a607ceca8f7ed3cd69935ea?s=96&d=mm&r=g\",\"caption\":\"kleibrandt\"},\"url\":\"https:\\\/\\\/lebenleben.de\\\/loewenwaldschule\\\/aktuelles\\\/author\\\/kleibrandt\\\/\"}]}<\/script>\n<!-- \/ Yoast SEO plugin. -->","yoast_head_json":{"title":"Sommerfest 2023 - Leben leben Loewenwaldschule","robots":{"index":"index","follow":"follow","max-snippet":"max-snippet:-1","max-image-preview":"max-image-preview:large","max-video-preview":"max-video-preview:-1"},"canonical":"https:\/\/lebenleben.de\/loewenwaldschule\/aktuelles\/2023\/07\/14\/sommerfest-2023\/","og_locale":"de_DE","og_type":"article","og_title":"Sommerfest 2023 - Leben leben Loewenwaldschule","og_description":"Am Donnerstag, den 13.7. wurde in der Von-Estorff Str. in Uelzen gefeiert. Mit einem bunten Programm haben wir, die Teams der Loewenwaldschule, zusammen mit dem Heilp\u00e4dagogischen und Sprachheilkindergarten unsere Kinder in die Sommerferien verabschiedet! Was zu Coronazeiten lange nicht m\u00f6glich war, wurde in diesem Jahr nachgeholt! So durften am Donnerstag erstmalig auch wieder ausw\u00e4rtige G\u00e4ste [&hellip;]","og_url":"https:\/\/lebenleben.de\/loewenwaldschule\/aktuelles\/2023\/07\/14\/sommerfest-2023\/","og_site_name":"Leben leben Loewenwaldschule","article_published_time":"2023-07-14T14:45:57+00:00","article_modified_time":"2024-05-28T12:17:33+00:00","og_image":[{"width":2048,"height":1365,"url":"https:\/\/lebenleben.de\/loewenwaldschule\/wp-content\/uploads\/sites\/10\/2023\/07\/DSC01821.jpg","type":"image\/jpeg"}],"author":"kleibrandt","twitter_card":"summary_large_image","twitter_misc":{"Verfasst von":"kleibrandt","Gesch\u00e4tzte Lesezeit":"3\u00a0Minuten"},"schema":{"@context":"https:\/\/schema.org","@graph":[{"@type":"Article","@id":"https:\/\/lebenleben.de\/loewenwaldschule\/aktuelles\/2023\/07\/14\/sommerfest-2023\/#article","isPartOf":{"@id":"https:\/\/lebenleben.de\/loewenwaldschule\/aktuelles\/2023\/07\/14\/sommerfest-2023\/"},"author":{"name":"kleibrandt","@id":"https:\/\/lebenleben.de\/loewenwaldschule\/#\/schema\/person\/7456fc93046cd40a4cdfcb81f5d024a1"},"headline":"Sommerfest 2023","datePublished":"2023-07-14T14:45:57+00:00","dateModified":"2024-05-28T12:17:33+00:00","mainEntityOfPage":{"@id":"https:\/\/lebenleben.de\/loewenwaldschule\/aktuelles\/2023\/07\/14\/sommerfest-2023\/"},"wordCount":258,"publisher":{"@id":"https:\/\/lebenleben.de\/loewenwaldschule\/#organization"},"image":{"@id":"https:\/\/lebenleben.de\/loewenwaldschule\/aktuelles\/2023\/07\/14\/sommerfest-2023\/#primaryimage"},"thumbnailUrl":"https:\/\/lebenleben.de\/loewenwaldschule\/wp-content\/uploads\/sites\/10\/2023\/07\/DSC01821.jpg","inLanguage":"de"},{"@type":"WebPage","@id":"https:\/\/lebenleben.de\/loewenwaldschule\/aktuelles\/2023\/07\/14\/sommerfest-2023\/","url":"https:\/\/lebenleben.de\/loewenwaldschule\/aktuelles\/2023\/07\/14\/sommerfest-2023\/","name":"Sommerfest 2023 - Leben leben Loewenwaldschule","isPartOf":{"@id":"https:\/\/lebenleben.de\/loewenwaldschule\/#website"},"primaryImageOfPage":{"@id":"https:\/\/lebenleben.de\/loewenwaldschule\/aktuelles\/2023\/07\/14\/sommerfest-2023\/#primaryimage"},"image":{"@id":"https:\/\/lebenleben.de\/loewenwaldschule\/aktuelles\/2023\/07\/14\/sommerfest-2023\/#primaryimage"},"thumbnailUrl":"https:\/\/lebenleben.de\/loewenwaldschule\/wp-content\/uploads\/sites\/10\/2023\/07\/DSC01821.jpg","datePublished":"2023-07-14T14:45:57+00:00","dateModified":"2024-05-28T12:17:33+00:00","breadcrumb":{"@id":"https:\/\/lebenleben.de\/loewenwaldschule\/aktuelles\/2023\/07\/14\/sommerfest-2023\/#breadcrumb"},"inLanguage":"de","potentialAction":[{"@type":"ReadAction","target":["https:\/\/lebenleben.de\/loewenwaldschule\/aktuelles\/2023\/07\/14\/sommerfest-2023\/"]}]},{"@type":"ImageObject","inLanguage":"de","@id":"https:\/\/lebenleben.de\/loewenwaldschule\/aktuelles\/2023\/07\/14\/sommerfest-2023\/#primaryimage","url":"https:\/\/lebenleben.de\/loewenwaldschule\/wp-content\/uploads\/sites\/10\/2023\/07\/DSC01821.jpg","contentUrl":"https:\/\/lebenleben.de\/loewenwaldschule\/wp-content\/uploads\/sites\/10\/2023\/07\/DSC01821.jpg","width":2048,"height":1365},{"@type":"BreadcrumbList","@id":"https:\/\/lebenleben.de\/loewenwaldschule\/aktuelles\/2023\/07\/14\/sommerfest-2023\/#breadcrumb","itemListElement":[{"@type":"ListItem","position":1,"name":"Startseite","item":"https:\/\/lebenleben.de\/loewenwaldschule\/"},{"@type":"ListItem","position":2,"name":"Sommerfest 2023"}]},{"@type":"WebSite","@id":"https:\/\/lebenleben.de\/loewenwaldschule\/#website","url":"https:\/\/lebenleben.de\/loewenwaldschule\/","name":"Leben leben Loewenwaldschule","description":"Eine weitere Leben Leben Netzwerk Website","publisher":{"@id":"https:\/\/lebenleben.de\/loewenwaldschule\/#organization"},"potentialAction":[{"@type":"SearchAction","target":{"@type":"EntryPoint","urlTemplate":"https:\/\/lebenleben.de\/loewenwaldschule\/?s={search_term_string}"},"query-input":{"@type":"PropertyValueSpecification","valueRequired":true,"valueName":"search_term_string"}}],"inLanguage":"de"},{"@type":"Organization","@id":"https:\/\/lebenleben.de\/loewenwaldschule\/#organization","name":"Leben leben Loewenwaldschule","url":"https:\/\/lebenleben.de\/loewenwaldschule\/","logo":{"@type":"ImageObject","inLanguage":"de","@id":"https:\/\/lebenleben.de\/loewenwaldschule\/#\/schema\/logo\/image\/","url":"https:\/\/lebenleben.de\/loewenwaldschule\/wp-content\/uploads\/sites\/10\/2021\/01\/ll_favicon-green.png","contentUrl":"https:\/\/lebenleben.de\/loewenwaldschule\/wp-content\/uploads\/sites\/10\/2021\/01\/ll_favicon-green.png","width":501,"height":501,"caption":"Leben leben Loewenwaldschule"},"image":{"@id":"https:\/\/lebenleben.de\/loewenwaldschule\/#\/schema\/logo\/image\/"}},{"@type":"Person","@id":"https:\/\/lebenleben.de\/loewenwaldschule\/#\/schema\/person\/7456fc93046cd40a4cdfcb81f5d024a1","name":"kleibrandt","image":{"@type":"ImageObject","inLanguage":"de","@id":"https:\/\/secure.gravatar.com\/avatar\/cd4eee09296d42b7270dded4fbeab5d9546683b35a607ceca8f7ed3cd69935ea?s=96&d=mm&r=g","url":"https:\/\/secure.gravatar.com\/avatar\/cd4eee09296d42b7270dded4fbeab5d9546683b35a607ceca8f7ed3cd69935ea?s=96&d=mm&r=g","contentUrl":"https:\/\/secure.gravatar.com\/avatar\/cd4eee09296d42b7270dded4fbeab5d9546683b35a607ceca8f7ed3cd69935ea?s=96&d=mm&r=g","caption":"kleibrandt"},"url":"https:\/\/lebenleben.de\/loewenwaldschule\/aktuelles\/author\/kleibrandt\/"}]}},"_links":{"self":[{"href":"https:\/\/lebenleben.de\/loewenwaldschule\/wp-json\/wp\/v2\/posts\/14316","targetHints":{"allow":["GET"]}}],"collection":[{"href":"https:\/\/lebenleben.de\/loewenwaldschule\/wp-json\/wp\/v2\/posts"}],"about":[{"href":"https:\/\/lebenleben.de\/loewenwaldschule\/wp-json\/wp\/v2\/types\/post"}],"author":[{"embeddable":true,"href":"https:\/\/lebenleben.de\/loewenwaldschule\/wp-json\/wp\/v2\/users\/4"}],"replies":[{"embeddable":true,"href":"https:\/\/lebenleben.de\/loewenwaldschule\/wp-json\/wp\/v2\/comments?post=14316"}],"version-history":[{"count":4,"href":"https:\/\/lebenleben.de\/loewenwaldschule\/wp-json\/wp\/v2\/posts\/14316\/revisions"}],"predecessor-version":[{"id":14549,"href":"https:\/\/lebenleben.de\/loewenwaldschule\/wp-json\/wp\/v2\/posts\/14316\/revisions\/14549"}],"wp:featuredmedia":[{"embeddable":true,"href":"https:\/\/lebenleben.de\/loewenwaldschule\/wp-json\/wp\/v2\/media\/14317"}],"wp:attachment":[{"href":"https:\/\/lebenleben.de\/loewenwaldschule\/wp-json\/wp\/v2\/media?parent=14316"}],"wp:term":[{"taxonomy":"category","embeddable":true,"href":"https:\/\/lebenleben.de\/loewenwaldschule\/wp-json\/wp\/v2\/categories?post=14316"},{"taxonomy":"post_tag","embeddable":true,"href":"https:\/\/lebenleben.de\/loewenwaldschule\/wp-json\/wp\/v2\/tags?post=14316"}],"curies":[{"name":"wp","href":"https:\/\/api.w.org\/{rel}","templated":true}]}}