{"id":139,"date":"2021-06-09T17:15:34","date_gmt":"2021-06-09T15:15:34","guid":{"rendered":"https:\/\/lebenleben.de\/therapiezentrum\/?p=139"},"modified":"2022-04-05T18:43:54","modified_gmt":"2022-04-05T16:43:54","slug":"offene-sprechstunde-zur-sprachentwicklung","status":"publish","type":"post","link":"https:\/\/lebenleben.de\/therapiezentrum\/aktuelles\/2021\/06\/09\/offene-sprechstunde-zur-sprachentwicklung\/","title":{"rendered":"Offene Sprechstunde zur Sprachentwicklung wird bis auf weiteres nicht fortgesetzt"},"content":{"rendered":"\n<p>Nach vielen Jahren erfolgreicher Beratungsleistungen in Zusammenarbeit mit den Kollegen:innen des Sprachheilkindergartens von Leben leben, haben wir uns aufgrund der pandemiebedingten Einschr\u00e4nkungen dazu entschlossen, unser Angebot auf unbestimmte Zeit auszusetzen. <\/p>\n\n\n\n<p>Gern k\u00f6nnen Sie sich direkt in unserem Therapiezentrum nach F\u00f6rderm\u00f6glichkeiten erkundigen. <\/p>\n\n\n\n<p>Sie erreichen uns unter T 0581 \/ 971 66 50<\/p>\n\n\n\n<p><\/p>\n\n\n\n<p><\/p>\n\n\n\n\n\n<p><\/p>\n\n\n\n<p><\/p>\n\n\n\n<p><\/p>\n","protected":false},"excerpt":{"rendered":"<p>Nach vielen Jahren erfolgreicher Beratungsleistungen in Zusammenarbeit mit den Kollegen:innen des Sprachheilkindergartens von Leben leben, haben wir uns aufgrund der pandemiebedingten Einschr\u00e4nkungen dazu entschlossen, unser Angebot auf unbestimmte Zeit auszusetzen. Gern k\u00f6nnen Sie sich direkt in unserem Therapiezentrum nach F\u00f6rderm\u00f6glichkeiten erkundigen. Sie erreichen uns unter T 0581 \/ 971 66 50<\/p>\n","protected":false},"author":1,"featured_media":121,"comment_status":"closed","ping_status":"closed","sticky":false,"template":"","format":"standard","meta":{"_acf_changed":false,"footnotes":""},"categories":[1],"tags":[],"class_list":["post-139","post","type-post","status-publish","format-standard","has-post-thumbnail","hentry","category-allgemein"],"acf":[],"yoast_head":"<!-- This site is optimized with the Yoast SEO plugin v27.3 - https:\/\/yoast.com\/product\/yoast-seo-wordpress\/ -->\n<title>Offene Sprechstunde zur Sprachentwicklung wird bis auf weiteres nicht fortgesetzt - Leben leben Therapiezentrum<\/title>\n<meta name=\"robots\" content=\"index, follow, max-snippet:-1, max-image-preview:large, max-video-preview:-1\" \/>\n<link rel=\"canonical\" href=\"https:\/\/lebenleben.de\/therapiezentrum\/aktuelles\/2021\/06\/09\/offene-sprechstunde-zur-sprachentwicklung\/\" \/>\n<meta property=\"og:locale\" content=\"de_DE\" \/>\n<meta property=\"og:type\" content=\"article\" \/>\n<meta property=\"og:title\" content=\"Offene Sprechstunde zur Sprachentwicklung wird bis auf weiteres nicht fortgesetzt - Leben leben Therapiezentrum\" \/>\n<meta property=\"og:description\" content=\"Nach vielen Jahren erfolgreicher Beratungsleistungen in Zusammenarbeit mit den Kollegen:innen des Sprachheilkindergartens von Leben leben, haben wir uns aufgrund der pandemiebedingten Einschr\u00e4nkungen dazu entschlossen, unser Angebot auf unbestimmte Zeit auszusetzen. Gern k\u00f6nnen Sie sich direkt in unserem Therapiezentrum nach F\u00f6rderm\u00f6glichkeiten erkundigen. Sie erreichen uns unter T 0581 \/ 971 66 50\" \/>\n<meta property=\"og:url\" content=\"https:\/\/lebenleben.de\/therapiezentrum\/aktuelles\/2021\/06\/09\/offene-sprechstunde-zur-sprachentwicklung\/\" \/>\n<meta property=\"og:site_name\" content=\"Leben leben Therapiezentrum\" \/>\n<meta property=\"article:published_time\" content=\"2021-06-09T15:15:34+00:00\" \/>\n<meta property=\"article:modified_time\" content=\"2022-04-05T16:43:54+00:00\" \/>\n<meta property=\"og:image\" content=\"https:\/\/lebenleben.de\/therapiezentrum\/wp-content\/uploads\/sites\/4\/2021\/04\/ll_content_image_1400x1000_0002_Lebenleben_Bildung_9886.jpg\" \/>\n\t<meta property=\"og:image:width\" content=\"1400\" \/>\n\t<meta property=\"og:image:height\" content=\"1000\" \/>\n\t<meta property=\"og:image:type\" content=\"image\/jpeg\" \/>\n<meta name=\"author\" content=\"bjoern\" \/>\n<meta name=\"twitter:card\" content=\"summary_large_image\" \/>\n<meta name=\"twitter:label1\" content=\"Verfasst von\" \/>\n\t<meta name=\"twitter:data1\" content=\"bjoern\" \/>\n\t<meta name=\"twitter:label2\" content=\"Gesch\u00e4tzte Lesezeit\" \/>\n\t<meta name=\"twitter:data2\" content=\"1\u00a0Minute\" \/>\n<script type=\"application\/ld+json\" class=\"yoast-schema-graph\">{\"@context\":\"https:\\\/\\\/schema.org\",\"@graph\":[{\"@type\":\"Article\",\"@id\":\"https:\\\/\\\/lebenleben.de\\\/therapiezentrum\\\/aktuelles\\\/2021\\\/06\\\/09\\\/offene-sprechstunde-zur-sprachentwicklung\\\/#article\",\"isPartOf\":{\"@id\":\"https:\\\/\\\/lebenleben.de\\\/therapiezentrum\\\/aktuelles\\\/2021\\\/06\\\/09\\\/offene-sprechstunde-zur-sprachentwicklung\\\/\"},\"author\":{\"name\":\"bjoern\",\"@id\":\"https:\\\/\\\/lebenleben.de\\\/therapiezentrum\\\/#\\\/schema\\\/person\\\/d696b7f009e8fbbb086099ce8650d2d1\"},\"headline\":\"Offene Sprechstunde zur Sprachentwicklung wird bis auf weiteres nicht fortgesetzt\",\"datePublished\":\"2021-06-09T15:15:34+00:00\",\"dateModified\":\"2022-04-05T16:43:54+00:00\",\"mainEntityOfPage\":{\"@id\":\"https:\\\/\\\/lebenleben.de\\\/therapiezentrum\\\/aktuelles\\\/2021\\\/06\\\/09\\\/offene-sprechstunde-zur-sprachentwicklung\\\/\"},\"wordCount\":61,\"publisher\":{\"@id\":\"https:\\\/\\\/lebenleben.de\\\/therapiezentrum\\\/#organization\"},\"image\":{\"@id\":\"https:\\\/\\\/lebenleben.de\\\/therapiezentrum\\\/aktuelles\\\/2021\\\/06\\\/09\\\/offene-sprechstunde-zur-sprachentwicklung\\\/#primaryimage\"},\"thumbnailUrl\":\"https:\\\/\\\/lebenleben.de\\\/therapiezentrum\\\/wp-content\\\/uploads\\\/sites\\\/4\\\/2021\\\/04\\\/ll_content_image_1400x1000_0002_Lebenleben_Bildung_9886.jpg\",\"inLanguage\":\"de\"},{\"@type\":\"WebPage\",\"@id\":\"https:\\\/\\\/lebenleben.de\\\/therapiezentrum\\\/aktuelles\\\/2021\\\/06\\\/09\\\/offene-sprechstunde-zur-sprachentwicklung\\\/\",\"url\":\"https:\\\/\\\/lebenleben.de\\\/therapiezentrum\\\/aktuelles\\\/2021\\\/06\\\/09\\\/offene-sprechstunde-zur-sprachentwicklung\\\/\",\"name\":\"Offene Sprechstunde zur Sprachentwicklung wird bis auf weiteres nicht fortgesetzt - Leben leben Therapiezentrum\",\"isPartOf\":{\"@id\":\"https:\\\/\\\/lebenleben.de\\\/therapiezentrum\\\/#website\"},\"primaryImageOfPage\":{\"@id\":\"https:\\\/\\\/lebenleben.de\\\/therapiezentrum\\\/aktuelles\\\/2021\\\/06\\\/09\\\/offene-sprechstunde-zur-sprachentwicklung\\\/#primaryimage\"},\"image\":{\"@id\":\"https:\\\/\\\/lebenleben.de\\\/therapiezentrum\\\/aktuelles\\\/2021\\\/06\\\/09\\\/offene-sprechstunde-zur-sprachentwicklung\\\/#primaryimage\"},\"thumbnailUrl\":\"https:\\\/\\\/lebenleben.de\\\/therapiezentrum\\\/wp-content\\\/uploads\\\/sites\\\/4\\\/2021\\\/04\\\/ll_content_image_1400x1000_0002_Lebenleben_Bildung_9886.jpg\",\"datePublished\":\"2021-06-09T15:15:34+00:00\",\"dateModified\":\"2022-04-05T16:43:54+00:00\",\"breadcrumb\":{\"@id\":\"https:\\\/\\\/lebenleben.de\\\/therapiezentrum\\\/aktuelles\\\/2021\\\/06\\\/09\\\/offene-sprechstunde-zur-sprachentwicklung\\\/#breadcrumb\"},\"inLanguage\":\"de\",\"potentialAction\":[{\"@type\":\"ReadAction\",\"target\":[\"https:\\\/\\\/lebenleben.de\\\/therapiezentrum\\\/aktuelles\\\/2021\\\/06\\\/09\\\/offene-sprechstunde-zur-sprachentwicklung\\\/\"]}]},{\"@type\":\"ImageObject\",\"inLanguage\":\"de\",\"@id\":\"https:\\\/\\\/lebenleben.de\\\/therapiezentrum\\\/aktuelles\\\/2021\\\/06\\\/09\\\/offene-sprechstunde-zur-sprachentwicklung\\\/#primaryimage\",\"url\":\"https:\\\/\\\/lebenleben.de\\\/therapiezentrum\\\/wp-content\\\/uploads\\\/sites\\\/4\\\/2021\\\/04\\\/ll_content_image_1400x1000_0002_Lebenleben_Bildung_9886.jpg\",\"contentUrl\":\"https:\\\/\\\/lebenleben.de\\\/therapiezentrum\\\/wp-content\\\/uploads\\\/sites\\\/4\\\/2021\\\/04\\\/ll_content_image_1400x1000_0002_Lebenleben_Bildung_9886.jpg\",\"width\":1400,\"height\":1000},{\"@type\":\"BreadcrumbList\",\"@id\":\"https:\\\/\\\/lebenleben.de\\\/therapiezentrum\\\/aktuelles\\\/2021\\\/06\\\/09\\\/offene-sprechstunde-zur-sprachentwicklung\\\/#breadcrumb\",\"itemListElement\":[{\"@type\":\"ListItem\",\"position\":1,\"name\":\"Startseite\",\"item\":\"https:\\\/\\\/lebenleben.de\\\/therapiezentrum\\\/\"},{\"@type\":\"ListItem\",\"position\":2,\"name\":\"Offene Sprechstunde zur Sprachentwicklung wird bis auf weiteres nicht fortgesetzt\"}]},{\"@type\":\"WebSite\",\"@id\":\"https:\\\/\\\/lebenleben.de\\\/therapiezentrum\\\/#website\",\"url\":\"https:\\\/\\\/lebenleben.de\\\/therapiezentrum\\\/\",\"name\":\"Leben leben Therapiezentrum\",\"description\":\"Eine weitere Leben Leben Netzwerk Website\",\"publisher\":{\"@id\":\"https:\\\/\\\/lebenleben.de\\\/therapiezentrum\\\/#organization\"},\"potentialAction\":[{\"@type\":\"SearchAction\",\"target\":{\"@type\":\"EntryPoint\",\"urlTemplate\":\"https:\\\/\\\/lebenleben.de\\\/therapiezentrum\\\/?s={search_term_string}\"},\"query-input\":{\"@type\":\"PropertyValueSpecification\",\"valueRequired\":true,\"valueName\":\"search_term_string\"}}],\"inLanguage\":\"de\"},{\"@type\":\"Organization\",\"@id\":\"https:\\\/\\\/lebenleben.de\\\/therapiezentrum\\\/#organization\",\"name\":\"Leben leben Therapiezentrum\",\"url\":\"https:\\\/\\\/lebenleben.de\\\/therapiezentrum\\\/\",\"logo\":{\"@type\":\"ImageObject\",\"inLanguage\":\"de\",\"@id\":\"https:\\\/\\\/lebenleben.de\\\/therapiezentrum\\\/#\\\/schema\\\/logo\\\/image\\\/\",\"url\":\"https:\\\/\\\/lebenleben.de\\\/therapiezentrum\\\/wp-content\\\/uploads\\\/sites\\\/4\\\/2021\\\/01\\\/ll_favicon-cyan.png\",\"contentUrl\":\"https:\\\/\\\/lebenleben.de\\\/therapiezentrum\\\/wp-content\\\/uploads\\\/sites\\\/4\\\/2021\\\/01\\\/ll_favicon-cyan.png\",\"width\":501,\"height\":501,\"caption\":\"Leben leben Therapiezentrum\"},\"image\":{\"@id\":\"https:\\\/\\\/lebenleben.de\\\/therapiezentrum\\\/#\\\/schema\\\/logo\\\/image\\\/\"}},{\"@type\":\"Person\",\"@id\":\"https:\\\/\\\/lebenleben.de\\\/therapiezentrum\\\/#\\\/schema\\\/person\\\/d696b7f009e8fbbb086099ce8650d2d1\",\"name\":\"bjoern\",\"image\":{\"@type\":\"ImageObject\",\"inLanguage\":\"de\",\"@id\":\"https:\\\/\\\/secure.gravatar.com\\\/avatar\\\/fd8af8590fa7cca19e9f8fb436dab1bb0cbcfdb6e0ec5977998b686ad1a1db00?s=96&d=mm&r=g\",\"url\":\"https:\\\/\\\/secure.gravatar.com\\\/avatar\\\/fd8af8590fa7cca19e9f8fb436dab1bb0cbcfdb6e0ec5977998b686ad1a1db00?s=96&d=mm&r=g\",\"contentUrl\":\"https:\\\/\\\/secure.gravatar.com\\\/avatar\\\/fd8af8590fa7cca19e9f8fb436dab1bb0cbcfdb6e0ec5977998b686ad1a1db00?s=96&d=mm&r=g\",\"caption\":\"bjoern\"},\"sameAs\":[\"https:\\\/\\\/lebenleben.de\"],\"url\":\"https:\\\/\\\/lebenleben.de\\\/therapiezentrum\\\/aktuelles\\\/author\\\/bjoern\\\/\"}]}<\/script>\n<!-- \/ Yoast SEO plugin. -->","yoast_head_json":{"title":"Offene Sprechstunde zur Sprachentwicklung wird bis auf weiteres nicht fortgesetzt - Leben leben Therapiezentrum","robots":{"index":"index","follow":"follow","max-snippet":"max-snippet:-1","max-image-preview":"max-image-preview:large","max-video-preview":"max-video-preview:-1"},"canonical":"https:\/\/lebenleben.de\/therapiezentrum\/aktuelles\/2021\/06\/09\/offene-sprechstunde-zur-sprachentwicklung\/","og_locale":"de_DE","og_type":"article","og_title":"Offene Sprechstunde zur Sprachentwicklung wird bis auf weiteres nicht fortgesetzt - Leben leben Therapiezentrum","og_description":"Nach vielen Jahren erfolgreicher Beratungsleistungen in Zusammenarbeit mit den Kollegen:innen des Sprachheilkindergartens von Leben leben, haben wir uns aufgrund der pandemiebedingten Einschr\u00e4nkungen dazu entschlossen, unser Angebot auf unbestimmte Zeit auszusetzen. Gern k\u00f6nnen Sie sich direkt in unserem Therapiezentrum nach F\u00f6rderm\u00f6glichkeiten erkundigen. Sie erreichen uns unter T 0581 \/ 971 66 50","og_url":"https:\/\/lebenleben.de\/therapiezentrum\/aktuelles\/2021\/06\/09\/offene-sprechstunde-zur-sprachentwicklung\/","og_site_name":"Leben leben Therapiezentrum","article_published_time":"2021-06-09T15:15:34+00:00","article_modified_time":"2022-04-05T16:43:54+00:00","og_image":[{"width":1400,"height":1000,"url":"https:\/\/lebenleben.de\/therapiezentrum\/wp-content\/uploads\/sites\/4\/2021\/04\/ll_content_image_1400x1000_0002_Lebenleben_Bildung_9886.jpg","type":"image\/jpeg"}],"author":"bjoern","twitter_card":"summary_large_image","twitter_misc":{"Verfasst von":"bjoern","Gesch\u00e4tzte Lesezeit":"1\u00a0Minute"},"schema":{"@context":"https:\/\/schema.org","@graph":[{"@type":"Article","@id":"https:\/\/lebenleben.de\/therapiezentrum\/aktuelles\/2021\/06\/09\/offene-sprechstunde-zur-sprachentwicklung\/#article","isPartOf":{"@id":"https:\/\/lebenleben.de\/therapiezentrum\/aktuelles\/2021\/06\/09\/offene-sprechstunde-zur-sprachentwicklung\/"},"author":{"name":"bjoern","@id":"https:\/\/lebenleben.de\/therapiezentrum\/#\/schema\/person\/d696b7f009e8fbbb086099ce8650d2d1"},"headline":"Offene Sprechstunde zur Sprachentwicklung wird bis auf weiteres nicht fortgesetzt","datePublished":"2021-06-09T15:15:34+00:00","dateModified":"2022-04-05T16:43:54+00:00","mainEntityOfPage":{"@id":"https:\/\/lebenleben.de\/therapiezentrum\/aktuelles\/2021\/06\/09\/offene-sprechstunde-zur-sprachentwicklung\/"},"wordCount":61,"publisher":{"@id":"https:\/\/lebenleben.de\/therapiezentrum\/#organization"},"image":{"@id":"https:\/\/lebenleben.de\/therapiezentrum\/aktuelles\/2021\/06\/09\/offene-sprechstunde-zur-sprachentwicklung\/#primaryimage"},"thumbnailUrl":"https:\/\/lebenleben.de\/therapiezentrum\/wp-content\/uploads\/sites\/4\/2021\/04\/ll_content_image_1400x1000_0002_Lebenleben_Bildung_9886.jpg","inLanguage":"de"},{"@type":"WebPage","@id":"https:\/\/lebenleben.de\/therapiezentrum\/aktuelles\/2021\/06\/09\/offene-sprechstunde-zur-sprachentwicklung\/","url":"https:\/\/lebenleben.de\/therapiezentrum\/aktuelles\/2021\/06\/09\/offene-sprechstunde-zur-sprachentwicklung\/","name":"Offene Sprechstunde zur Sprachentwicklung wird bis auf weiteres nicht fortgesetzt - Leben leben Therapiezentrum","isPartOf":{"@id":"https:\/\/lebenleben.de\/therapiezentrum\/#website"},"primaryImageOfPage":{"@id":"https:\/\/lebenleben.de\/therapiezentrum\/aktuelles\/2021\/06\/09\/offene-sprechstunde-zur-sprachentwicklung\/#primaryimage"},"image":{"@id":"https:\/\/lebenleben.de\/therapiezentrum\/aktuelles\/2021\/06\/09\/offene-sprechstunde-zur-sprachentwicklung\/#primaryimage"},"thumbnailUrl":"https:\/\/lebenleben.de\/therapiezentrum\/wp-content\/uploads\/sites\/4\/2021\/04\/ll_content_image_1400x1000_0002_Lebenleben_Bildung_9886.jpg","datePublished":"2021-06-09T15:15:34+00:00","dateModified":"2022-04-05T16:43:54+00:00","breadcrumb":{"@id":"https:\/\/lebenleben.de\/therapiezentrum\/aktuelles\/2021\/06\/09\/offene-sprechstunde-zur-sprachentwicklung\/#breadcrumb"},"inLanguage":"de","potentialAction":[{"@type":"ReadAction","target":["https:\/\/lebenleben.de\/therapiezentrum\/aktuelles\/2021\/06\/09\/offene-sprechstunde-zur-sprachentwicklung\/"]}]},{"@type":"ImageObject","inLanguage":"de","@id":"https:\/\/lebenleben.de\/therapiezentrum\/aktuelles\/2021\/06\/09\/offene-sprechstunde-zur-sprachentwicklung\/#primaryimage","url":"https:\/\/lebenleben.de\/therapiezentrum\/wp-content\/uploads\/sites\/4\/2021\/04\/ll_content_image_1400x1000_0002_Lebenleben_Bildung_9886.jpg","contentUrl":"https:\/\/lebenleben.de\/therapiezentrum\/wp-content\/uploads\/sites\/4\/2021\/04\/ll_content_image_1400x1000_0002_Lebenleben_Bildung_9886.jpg","width":1400,"height":1000},{"@type":"BreadcrumbList","@id":"https:\/\/lebenleben.de\/therapiezentrum\/aktuelles\/2021\/06\/09\/offene-sprechstunde-zur-sprachentwicklung\/#breadcrumb","itemListElement":[{"@type":"ListItem","position":1,"name":"Startseite","item":"https:\/\/lebenleben.de\/therapiezentrum\/"},{"@type":"ListItem","position":2,"name":"Offene Sprechstunde zur Sprachentwicklung wird bis auf weiteres nicht fortgesetzt"}]},{"@type":"WebSite","@id":"https:\/\/lebenleben.de\/therapiezentrum\/#website","url":"https:\/\/lebenleben.de\/therapiezentrum\/","name":"Leben leben Therapiezentrum","description":"Eine weitere Leben Leben Netzwerk Website","publisher":{"@id":"https:\/\/lebenleben.de\/therapiezentrum\/#organization"},"potentialAction":[{"@type":"SearchAction","target":{"@type":"EntryPoint","urlTemplate":"https:\/\/lebenleben.de\/therapiezentrum\/?s={search_term_string}"},"query-input":{"@type":"PropertyValueSpecification","valueRequired":true,"valueName":"search_term_string"}}],"inLanguage":"de"},{"@type":"Organization","@id":"https:\/\/lebenleben.de\/therapiezentrum\/#organization","name":"Leben leben Therapiezentrum","url":"https:\/\/lebenleben.de\/therapiezentrum\/","logo":{"@type":"ImageObject","inLanguage":"de","@id":"https:\/\/lebenleben.de\/therapiezentrum\/#\/schema\/logo\/image\/","url":"https:\/\/lebenleben.de\/therapiezentrum\/wp-content\/uploads\/sites\/4\/2021\/01\/ll_favicon-cyan.png","contentUrl":"https:\/\/lebenleben.de\/therapiezentrum\/wp-content\/uploads\/sites\/4\/2021\/01\/ll_favicon-cyan.png","width":501,"height":501,"caption":"Leben leben Therapiezentrum"},"image":{"@id":"https:\/\/lebenleben.de\/therapiezentrum\/#\/schema\/logo\/image\/"}},{"@type":"Person","@id":"https:\/\/lebenleben.de\/therapiezentrum\/#\/schema\/person\/d696b7f009e8fbbb086099ce8650d2d1","name":"bjoern","image":{"@type":"ImageObject","inLanguage":"de","@id":"https:\/\/secure.gravatar.com\/avatar\/fd8af8590fa7cca19e9f8fb436dab1bb0cbcfdb6e0ec5977998b686ad1a1db00?s=96&d=mm&r=g","url":"https:\/\/secure.gravatar.com\/avatar\/fd8af8590fa7cca19e9f8fb436dab1bb0cbcfdb6e0ec5977998b686ad1a1db00?s=96&d=mm&r=g","contentUrl":"https:\/\/secure.gravatar.com\/avatar\/fd8af8590fa7cca19e9f8fb436dab1bb0cbcfdb6e0ec5977998b686ad1a1db00?s=96&d=mm&r=g","caption":"bjoern"},"sameAs":["https:\/\/lebenleben.de"],"url":"https:\/\/lebenleben.de\/therapiezentrum\/aktuelles\/author\/bjoern\/"}]}},"_links":{"self":[{"href":"https:\/\/lebenleben.de\/therapiezentrum\/wp-json\/wp\/v2\/posts\/139","targetHints":{"allow":["GET"]}}],"collection":[{"href":"https:\/\/lebenleben.de\/therapiezentrum\/wp-json\/wp\/v2\/posts"}],"about":[{"href":"https:\/\/lebenleben.de\/therapiezentrum\/wp-json\/wp\/v2\/types\/post"}],"author":[{"embeddable":true,"href":"https:\/\/lebenleben.de\/therapiezentrum\/wp-json\/wp\/v2\/users\/1"}],"replies":[{"embeddable":true,"href":"https:\/\/lebenleben.de\/therapiezentrum\/wp-json\/wp\/v2\/comments?post=139"}],"version-history":[{"count":3,"href":"https:\/\/lebenleben.de\/therapiezentrum\/wp-json\/wp\/v2\/posts\/139\/revisions"}],"predecessor-version":[{"id":187,"href":"https:\/\/lebenleben.de\/therapiezentrum\/wp-json\/wp\/v2\/posts\/139\/revisions\/187"}],"wp:featuredmedia":[{"embeddable":true,"href":"https:\/\/lebenleben.de\/therapiezentrum\/wp-json\/wp\/v2\/media\/121"}],"wp:attachment":[{"href":"https:\/\/lebenleben.de\/therapiezentrum\/wp-json\/wp\/v2\/media?parent=139"}],"wp:term":[{"taxonomy":"category","embeddable":true,"href":"https:\/\/lebenleben.de\/therapiezentrum\/wp-json\/wp\/v2\/categories?post=139"},{"taxonomy":"post_tag","embeddable":true,"href":"https:\/\/lebenleben.de\/therapiezentrum\/wp-json\/wp\/v2\/tags?post=139"}],"curies":[{"name":"wp","href":"https:\/\/api.w.org\/{rel}","templated":true}]}}