{"id":11562,"date":"2019-09-25T12:01:02","date_gmt":"2019-09-25T10:01:02","guid":{"rendered":"https:\/\/lebenleben.de\/?post_type=aktuelles&#038;p=11562"},"modified":"2024-05-28T11:01:57","modified_gmt":"2024-05-28T09:01:57","slug":"familientag-2019","status":"publish","type":"post","link":"https:\/\/lebenleben.de\/wunderland\/aktuelles\/aktuelle-beitraege\/2019\/09\/25\/familientag-2019\/","title":{"rendered":"Familientag 2019"},"content":{"rendered":"<p>Nachdem der eigentliche Termin vor den Sommerferien aufgrund des st\u00fcrmischen Wetters leider ausfallen musste, wurden Spiel &amp; Spa\u00df am 13. September bei sch\u00f6nstem Sonnenschein nachgeholt. Auf dem j\u00e4hrlich stattfindenden Familienfest der Intitative Familienfreundliche Region Uelzen wurde f\u00fcr die Kleinen und etwas Gr\u00f6\u00dferen ein buntes Programm geboten! Zahlreiche Einrichtungen und Organisationen waren auf dem Herzogenplatz in Uelzen vertreten. So war &#8211;&nbsp; neben den Kinderg\u00e4rten Wunderland und der Loewenwaldschule aus unseren Reihen &#8211; auch unser KiTa-Team vor Ort dabei und bot den Kindern in einer Bastelecke die M\u00f6glichkeit, sich kreativ auszuprobieren. Auch dem Ruf des B\u00fcrgermeisters war man im Vorfeld gefolgt und pr\u00e4sentierte das eigens gebastelte Insektenhotel. Ein wertvoller Beitrag zur Unterst\u00fctzung von Natur und Umwelt!<\/p>\n<p>Der Familientag war einmal mehr ein toller Erfolg f\u00fcr die Veranstalter, Teilnehmer und Besucher und alle freuen sich schon heute auf das kommende Jahr!<\/p>\n<p>&nbsp;<\/p>\n<p>&nbsp;<\/p>\n","protected":false},"excerpt":{"rendered":"<p>Nachdem der eigentliche Termin vor den Sommerferien aufgrund des st\u00fcrmischen Wetters leider ausfallen musste, wurden Spiel &amp; Spa\u00df am 13. September bei sch\u00f6nstem Sonnenschein nachgeholt. Auf dem j\u00e4hrlich stattfindenden Familienfest der Intitative Familienfreundliche Region Uelzen wurde f\u00fcr die Kleinen und etwas Gr\u00f6\u00dferen ein buntes Programm geboten! Zahlreiche Einrichtungen und Organisationen waren auf dem Herzogenplatz in [&hellip;]<\/p>\n","protected":false},"author":1,"featured_media":14082,"comment_status":"closed","ping_status":"closed","sticky":false,"template":"","format":"standard","meta":{"_acf_changed":false,"footnotes":""},"categories":[7],"tags":[],"class_list":["post-11562","post","type-post","status-publish","format-standard","has-post-thumbnail","hentry","category-wunderland"],"acf":[],"yoast_head":"<!-- This site is optimized with the Yoast SEO plugin v27.3 - https:\/\/yoast.com\/product\/yoast-seo-wordpress\/ -->\n<title>Familientag 2019 - Leben leben Wunderland<\/title>\n<meta name=\"robots\" content=\"index, follow, max-snippet:-1, max-image-preview:large, max-video-preview:-1\" \/>\n<link rel=\"canonical\" href=\"https:\/\/lebenleben.de\/wunderland\/aktuelles\/aktuelle-beitraege\/2019\/09\/25\/familientag-2019\/\" \/>\n<meta property=\"og:locale\" content=\"de_DE\" \/>\n<meta property=\"og:type\" content=\"article\" \/>\n<meta property=\"og:title\" content=\"Familientag 2019 - Leben leben Wunderland\" \/>\n<meta property=\"og:description\" content=\"Nachdem der eigentliche Termin vor den Sommerferien aufgrund des st\u00fcrmischen Wetters leider ausfallen musste, wurden Spiel &amp; Spa\u00df am 13. September bei sch\u00f6nstem Sonnenschein nachgeholt. Auf dem j\u00e4hrlich stattfindenden Familienfest der Intitative Familienfreundliche Region Uelzen wurde f\u00fcr die Kleinen und etwas Gr\u00f6\u00dferen ein buntes Programm geboten! Zahlreiche Einrichtungen und Organisationen waren auf dem Herzogenplatz in [&hellip;]\" \/>\n<meta property=\"og:url\" content=\"https:\/\/lebenleben.de\/wunderland\/aktuelles\/aktuelle-beitraege\/2019\/09\/25\/familientag-2019\/\" \/>\n<meta property=\"og:site_name\" content=\"Leben leben Wunderland\" \/>\n<meta property=\"article:published_time\" content=\"2019-09-25T10:01:02+00:00\" \/>\n<meta property=\"article:modified_time\" content=\"2024-05-28T09:01:57+00:00\" \/>\n<meta property=\"og:image\" content=\"https:\/\/lebenleben.de\/wunderland\/wp-content\/uploads\/sites\/9\/2019\/09\/IMG_20190913_1650531.jpg\" \/>\n\t<meta property=\"og:image:width\" content=\"1368\" \/>\n\t<meta property=\"og:image:height\" content=\"1824\" \/>\n\t<meta property=\"og:image:type\" content=\"image\/jpeg\" \/>\n<meta name=\"author\" content=\"bjoern\" \/>\n<meta name=\"twitter:card\" content=\"summary_large_image\" \/>\n<meta name=\"twitter:label1\" content=\"Verfasst von\" \/>\n\t<meta name=\"twitter:data1\" content=\"bjoern\" \/>\n\t<meta name=\"twitter:label2\" content=\"Gesch\u00e4tzte Lesezeit\" \/>\n\t<meta name=\"twitter:data2\" content=\"1\u00a0Minute\" \/>\n<script type=\"application\/ld+json\" class=\"yoast-schema-graph\">{\"@context\":\"https:\\\/\\\/schema.org\",\"@graph\":[{\"@type\":\"Article\",\"@id\":\"https:\\\/\\\/lebenleben.de\\\/wunderland\\\/aktuelles\\\/aktuelle-beitraege\\\/2019\\\/09\\\/25\\\/familientag-2019\\\/#article\",\"isPartOf\":{\"@id\":\"https:\\\/\\\/lebenleben.de\\\/wunderland\\\/aktuelles\\\/aktuelle-beitraege\\\/2019\\\/09\\\/25\\\/familientag-2019\\\/\"},\"author\":{\"name\":\"bjoern\",\"@id\":\"https:\\\/\\\/lebenleben.de\\\/wunderland\\\/#\\\/schema\\\/person\\\/d696b7f009e8fbbb086099ce8650d2d1\"},\"headline\":\"Familientag 2019\",\"datePublished\":\"2019-09-25T10:01:02+00:00\",\"dateModified\":\"2024-05-28T09:01:57+00:00\",\"mainEntityOfPage\":{\"@id\":\"https:\\\/\\\/lebenleben.de\\\/wunderland\\\/aktuelles\\\/aktuelle-beitraege\\\/2019\\\/09\\\/25\\\/familientag-2019\\\/\"},\"wordCount\":152,\"publisher\":{\"@id\":\"https:\\\/\\\/lebenleben.de\\\/wunderland\\\/#organization\"},\"image\":{\"@id\":\"https:\\\/\\\/lebenleben.de\\\/wunderland\\\/aktuelles\\\/aktuelle-beitraege\\\/2019\\\/09\\\/25\\\/familientag-2019\\\/#primaryimage\"},\"thumbnailUrl\":\"https:\\\/\\\/lebenleben.de\\\/wunderland\\\/wp-content\\\/uploads\\\/sites\\\/9\\\/2019\\\/09\\\/IMG_20190913_1650531.jpg\",\"articleSection\":[\"Wunderland\"],\"inLanguage\":\"de\"},{\"@type\":\"WebPage\",\"@id\":\"https:\\\/\\\/lebenleben.de\\\/wunderland\\\/aktuelles\\\/aktuelle-beitraege\\\/2019\\\/09\\\/25\\\/familientag-2019\\\/\",\"url\":\"https:\\\/\\\/lebenleben.de\\\/wunderland\\\/aktuelles\\\/aktuelle-beitraege\\\/2019\\\/09\\\/25\\\/familientag-2019\\\/\",\"name\":\"Familientag 2019 - Leben leben Wunderland\",\"isPartOf\":{\"@id\":\"https:\\\/\\\/lebenleben.de\\\/wunderland\\\/#website\"},\"primaryImageOfPage\":{\"@id\":\"https:\\\/\\\/lebenleben.de\\\/wunderland\\\/aktuelles\\\/aktuelle-beitraege\\\/2019\\\/09\\\/25\\\/familientag-2019\\\/#primaryimage\"},\"image\":{\"@id\":\"https:\\\/\\\/lebenleben.de\\\/wunderland\\\/aktuelles\\\/aktuelle-beitraege\\\/2019\\\/09\\\/25\\\/familientag-2019\\\/#primaryimage\"},\"thumbnailUrl\":\"https:\\\/\\\/lebenleben.de\\\/wunderland\\\/wp-content\\\/uploads\\\/sites\\\/9\\\/2019\\\/09\\\/IMG_20190913_1650531.jpg\",\"datePublished\":\"2019-09-25T10:01:02+00:00\",\"dateModified\":\"2024-05-28T09:01:57+00:00\",\"breadcrumb\":{\"@id\":\"https:\\\/\\\/lebenleben.de\\\/wunderland\\\/aktuelles\\\/aktuelle-beitraege\\\/2019\\\/09\\\/25\\\/familientag-2019\\\/#breadcrumb\"},\"inLanguage\":\"de\",\"potentialAction\":[{\"@type\":\"ReadAction\",\"target\":[\"https:\\\/\\\/lebenleben.de\\\/wunderland\\\/aktuelles\\\/aktuelle-beitraege\\\/2019\\\/09\\\/25\\\/familientag-2019\\\/\"]}]},{\"@type\":\"ImageObject\",\"inLanguage\":\"de\",\"@id\":\"https:\\\/\\\/lebenleben.de\\\/wunderland\\\/aktuelles\\\/aktuelle-beitraege\\\/2019\\\/09\\\/25\\\/familientag-2019\\\/#primaryimage\",\"url\":\"https:\\\/\\\/lebenleben.de\\\/wunderland\\\/wp-content\\\/uploads\\\/sites\\\/9\\\/2019\\\/09\\\/IMG_20190913_1650531.jpg\",\"contentUrl\":\"https:\\\/\\\/lebenleben.de\\\/wunderland\\\/wp-content\\\/uploads\\\/sites\\\/9\\\/2019\\\/09\\\/IMG_20190913_1650531.jpg\",\"width\":1368,\"height\":1824},{\"@type\":\"BreadcrumbList\",\"@id\":\"https:\\\/\\\/lebenleben.de\\\/wunderland\\\/aktuelles\\\/aktuelle-beitraege\\\/2019\\\/09\\\/25\\\/familientag-2019\\\/#breadcrumb\",\"itemListElement\":[{\"@type\":\"ListItem\",\"position\":1,\"name\":\"Startseite\",\"item\":\"https:\\\/\\\/lebenleben.de\\\/wunderland\\\/\"},{\"@type\":\"ListItem\",\"position\":2,\"name\":\"Familientag 2019\"}]},{\"@type\":\"WebSite\",\"@id\":\"https:\\\/\\\/lebenleben.de\\\/wunderland\\\/#website\",\"url\":\"https:\\\/\\\/lebenleben.de\\\/wunderland\\\/\",\"name\":\"Leben leben Wunderland\",\"description\":\"Eine weitere Leben Leben Netzwerk Website\",\"publisher\":{\"@id\":\"https:\\\/\\\/lebenleben.de\\\/wunderland\\\/#organization\"},\"potentialAction\":[{\"@type\":\"SearchAction\",\"target\":{\"@type\":\"EntryPoint\",\"urlTemplate\":\"https:\\\/\\\/lebenleben.de\\\/wunderland\\\/?s={search_term_string}\"},\"query-input\":{\"@type\":\"PropertyValueSpecification\",\"valueRequired\":true,\"valueName\":\"search_term_string\"}}],\"inLanguage\":\"de\"},{\"@type\":\"Organization\",\"@id\":\"https:\\\/\\\/lebenleben.de\\\/wunderland\\\/#organization\",\"name\":\"Leben leben Wunderland\",\"url\":\"https:\\\/\\\/lebenleben.de\\\/wunderland\\\/\",\"logo\":{\"@type\":\"ImageObject\",\"inLanguage\":\"de\",\"@id\":\"https:\\\/\\\/lebenleben.de\\\/wunderland\\\/#\\\/schema\\\/logo\\\/image\\\/\",\"url\":\"https:\\\/\\\/lebenleben.de\\\/wunderland\\\/wp-content\\\/uploads\\\/sites\\\/9\\\/2021\\\/01\\\/ll_favicon-green.png\",\"contentUrl\":\"https:\\\/\\\/lebenleben.de\\\/wunderland\\\/wp-content\\\/uploads\\\/sites\\\/9\\\/2021\\\/01\\\/ll_favicon-green.png\",\"width\":501,\"height\":501,\"caption\":\"Leben leben Wunderland\"},\"image\":{\"@id\":\"https:\\\/\\\/lebenleben.de\\\/wunderland\\\/#\\\/schema\\\/logo\\\/image\\\/\"}},{\"@type\":\"Person\",\"@id\":\"https:\\\/\\\/lebenleben.de\\\/wunderland\\\/#\\\/schema\\\/person\\\/d696b7f009e8fbbb086099ce8650d2d1\",\"name\":\"bjoern\",\"image\":{\"@type\":\"ImageObject\",\"inLanguage\":\"de\",\"@id\":\"https:\\\/\\\/secure.gravatar.com\\\/avatar\\\/fd8af8590fa7cca19e9f8fb436dab1bb0cbcfdb6e0ec5977998b686ad1a1db00?s=96&d=mm&r=g\",\"url\":\"https:\\\/\\\/secure.gravatar.com\\\/avatar\\\/fd8af8590fa7cca19e9f8fb436dab1bb0cbcfdb6e0ec5977998b686ad1a1db00?s=96&d=mm&r=g\",\"contentUrl\":\"https:\\\/\\\/secure.gravatar.com\\\/avatar\\\/fd8af8590fa7cca19e9f8fb436dab1bb0cbcfdb6e0ec5977998b686ad1a1db00?s=96&d=mm&r=g\",\"caption\":\"bjoern\"},\"sameAs\":[\"https:\\\/\\\/lebenleben.de\"],\"url\":\"https:\\\/\\\/lebenleben.de\\\/wunderland\\\/aktuelles\\\/aktuelle-beitraege\\\/author\\\/bjoern\\\/\"}]}<\/script>\n<!-- \/ Yoast SEO plugin. -->","yoast_head_json":{"title":"Familientag 2019 - Leben leben Wunderland","robots":{"index":"index","follow":"follow","max-snippet":"max-snippet:-1","max-image-preview":"max-image-preview:large","max-video-preview":"max-video-preview:-1"},"canonical":"https:\/\/lebenleben.de\/wunderland\/aktuelles\/aktuelle-beitraege\/2019\/09\/25\/familientag-2019\/","og_locale":"de_DE","og_type":"article","og_title":"Familientag 2019 - Leben leben Wunderland","og_description":"Nachdem der eigentliche Termin vor den Sommerferien aufgrund des st\u00fcrmischen Wetters leider ausfallen musste, wurden Spiel &amp; Spa\u00df am 13. September bei sch\u00f6nstem Sonnenschein nachgeholt. Auf dem j\u00e4hrlich stattfindenden Familienfest der Intitative Familienfreundliche Region Uelzen wurde f\u00fcr die Kleinen und etwas Gr\u00f6\u00dferen ein buntes Programm geboten! Zahlreiche Einrichtungen und Organisationen waren auf dem Herzogenplatz in [&hellip;]","og_url":"https:\/\/lebenleben.de\/wunderland\/aktuelles\/aktuelle-beitraege\/2019\/09\/25\/familientag-2019\/","og_site_name":"Leben leben Wunderland","article_published_time":"2019-09-25T10:01:02+00:00","article_modified_time":"2024-05-28T09:01:57+00:00","og_image":[{"width":1368,"height":1824,"url":"https:\/\/lebenleben.de\/wunderland\/wp-content\/uploads\/sites\/9\/2019\/09\/IMG_20190913_1650531.jpg","type":"image\/jpeg"}],"author":"bjoern","twitter_card":"summary_large_image","twitter_misc":{"Verfasst von":"bjoern","Gesch\u00e4tzte Lesezeit":"1\u00a0Minute"},"schema":{"@context":"https:\/\/schema.org","@graph":[{"@type":"Article","@id":"https:\/\/lebenleben.de\/wunderland\/aktuelles\/aktuelle-beitraege\/2019\/09\/25\/familientag-2019\/#article","isPartOf":{"@id":"https:\/\/lebenleben.de\/wunderland\/aktuelles\/aktuelle-beitraege\/2019\/09\/25\/familientag-2019\/"},"author":{"name":"bjoern","@id":"https:\/\/lebenleben.de\/wunderland\/#\/schema\/person\/d696b7f009e8fbbb086099ce8650d2d1"},"headline":"Familientag 2019","datePublished":"2019-09-25T10:01:02+00:00","dateModified":"2024-05-28T09:01:57+00:00","mainEntityOfPage":{"@id":"https:\/\/lebenleben.de\/wunderland\/aktuelles\/aktuelle-beitraege\/2019\/09\/25\/familientag-2019\/"},"wordCount":152,"publisher":{"@id":"https:\/\/lebenleben.de\/wunderland\/#organization"},"image":{"@id":"https:\/\/lebenleben.de\/wunderland\/aktuelles\/aktuelle-beitraege\/2019\/09\/25\/familientag-2019\/#primaryimage"},"thumbnailUrl":"https:\/\/lebenleben.de\/wunderland\/wp-content\/uploads\/sites\/9\/2019\/09\/IMG_20190913_1650531.jpg","articleSection":["Wunderland"],"inLanguage":"de"},{"@type":"WebPage","@id":"https:\/\/lebenleben.de\/wunderland\/aktuelles\/aktuelle-beitraege\/2019\/09\/25\/familientag-2019\/","url":"https:\/\/lebenleben.de\/wunderland\/aktuelles\/aktuelle-beitraege\/2019\/09\/25\/familientag-2019\/","name":"Familientag 2019 - Leben leben Wunderland","isPartOf":{"@id":"https:\/\/lebenleben.de\/wunderland\/#website"},"primaryImageOfPage":{"@id":"https:\/\/lebenleben.de\/wunderland\/aktuelles\/aktuelle-beitraege\/2019\/09\/25\/familientag-2019\/#primaryimage"},"image":{"@id":"https:\/\/lebenleben.de\/wunderland\/aktuelles\/aktuelle-beitraege\/2019\/09\/25\/familientag-2019\/#primaryimage"},"thumbnailUrl":"https:\/\/lebenleben.de\/wunderland\/wp-content\/uploads\/sites\/9\/2019\/09\/IMG_20190913_1650531.jpg","datePublished":"2019-09-25T10:01:02+00:00","dateModified":"2024-05-28T09:01:57+00:00","breadcrumb":{"@id":"https:\/\/lebenleben.de\/wunderland\/aktuelles\/aktuelle-beitraege\/2019\/09\/25\/familientag-2019\/#breadcrumb"},"inLanguage":"de","potentialAction":[{"@type":"ReadAction","target":["https:\/\/lebenleben.de\/wunderland\/aktuelles\/aktuelle-beitraege\/2019\/09\/25\/familientag-2019\/"]}]},{"@type":"ImageObject","inLanguage":"de","@id":"https:\/\/lebenleben.de\/wunderland\/aktuelles\/aktuelle-beitraege\/2019\/09\/25\/familientag-2019\/#primaryimage","url":"https:\/\/lebenleben.de\/wunderland\/wp-content\/uploads\/sites\/9\/2019\/09\/IMG_20190913_1650531.jpg","contentUrl":"https:\/\/lebenleben.de\/wunderland\/wp-content\/uploads\/sites\/9\/2019\/09\/IMG_20190913_1650531.jpg","width":1368,"height":1824},{"@type":"BreadcrumbList","@id":"https:\/\/lebenleben.de\/wunderland\/aktuelles\/aktuelle-beitraege\/2019\/09\/25\/familientag-2019\/#breadcrumb","itemListElement":[{"@type":"ListItem","position":1,"name":"Startseite","item":"https:\/\/lebenleben.de\/wunderland\/"},{"@type":"ListItem","position":2,"name":"Familientag 2019"}]},{"@type":"WebSite","@id":"https:\/\/lebenleben.de\/wunderland\/#website","url":"https:\/\/lebenleben.de\/wunderland\/","name":"Leben leben Wunderland","description":"Eine weitere Leben Leben Netzwerk Website","publisher":{"@id":"https:\/\/lebenleben.de\/wunderland\/#organization"},"potentialAction":[{"@type":"SearchAction","target":{"@type":"EntryPoint","urlTemplate":"https:\/\/lebenleben.de\/wunderland\/?s={search_term_string}"},"query-input":{"@type":"PropertyValueSpecification","valueRequired":true,"valueName":"search_term_string"}}],"inLanguage":"de"},{"@type":"Organization","@id":"https:\/\/lebenleben.de\/wunderland\/#organization","name":"Leben leben Wunderland","url":"https:\/\/lebenleben.de\/wunderland\/","logo":{"@type":"ImageObject","inLanguage":"de","@id":"https:\/\/lebenleben.de\/wunderland\/#\/schema\/logo\/image\/","url":"https:\/\/lebenleben.de\/wunderland\/wp-content\/uploads\/sites\/9\/2021\/01\/ll_favicon-green.png","contentUrl":"https:\/\/lebenleben.de\/wunderland\/wp-content\/uploads\/sites\/9\/2021\/01\/ll_favicon-green.png","width":501,"height":501,"caption":"Leben leben Wunderland"},"image":{"@id":"https:\/\/lebenleben.de\/wunderland\/#\/schema\/logo\/image\/"}},{"@type":"Person","@id":"https:\/\/lebenleben.de\/wunderland\/#\/schema\/person\/d696b7f009e8fbbb086099ce8650d2d1","name":"bjoern","image":{"@type":"ImageObject","inLanguage":"de","@id":"https:\/\/secure.gravatar.com\/avatar\/fd8af8590fa7cca19e9f8fb436dab1bb0cbcfdb6e0ec5977998b686ad1a1db00?s=96&d=mm&r=g","url":"https:\/\/secure.gravatar.com\/avatar\/fd8af8590fa7cca19e9f8fb436dab1bb0cbcfdb6e0ec5977998b686ad1a1db00?s=96&d=mm&r=g","contentUrl":"https:\/\/secure.gravatar.com\/avatar\/fd8af8590fa7cca19e9f8fb436dab1bb0cbcfdb6e0ec5977998b686ad1a1db00?s=96&d=mm&r=g","caption":"bjoern"},"sameAs":["https:\/\/lebenleben.de"],"url":"https:\/\/lebenleben.de\/wunderland\/aktuelles\/aktuelle-beitraege\/author\/bjoern\/"}]}},"_links":{"self":[{"href":"https:\/\/lebenleben.de\/wunderland\/wp-json\/wp\/v2\/posts\/11562","targetHints":{"allow":["GET"]}}],"collection":[{"href":"https:\/\/lebenleben.de\/wunderland\/wp-json\/wp\/v2\/posts"}],"about":[{"href":"https:\/\/lebenleben.de\/wunderland\/wp-json\/wp\/v2\/types\/post"}],"author":[{"embeddable":true,"href":"https:\/\/lebenleben.de\/wunderland\/wp-json\/wp\/v2\/users\/1"}],"replies":[{"embeddable":true,"href":"https:\/\/lebenleben.de\/wunderland\/wp-json\/wp\/v2\/comments?post=11562"}],"version-history":[{"count":3,"href":"https:\/\/lebenleben.de\/wunderland\/wp-json\/wp\/v2\/posts\/11562\/revisions"}],"predecessor-version":[{"id":14419,"href":"https:\/\/lebenleben.de\/wunderland\/wp-json\/wp\/v2\/posts\/11562\/revisions\/14419"}],"wp:featuredmedia":[{"embeddable":true,"href":"https:\/\/lebenleben.de\/wunderland\/wp-json\/wp\/v2\/media\/14082"}],"wp:attachment":[{"href":"https:\/\/lebenleben.de\/wunderland\/wp-json\/wp\/v2\/media?parent=11562"}],"wp:term":[{"taxonomy":"category","embeddable":true,"href":"https:\/\/lebenleben.de\/wunderland\/wp-json\/wp\/v2\/categories?post=11562"},{"taxonomy":"post_tag","embeddable":true,"href":"https:\/\/lebenleben.de\/wunderland\/wp-json\/wp\/v2\/tags?post=11562"}],"curies":[{"name":"wp","href":"https:\/\/api.w.org\/{rel}","templated":true}]}}