{"id":11569,"date":"2019-09-25T12:31:40","date_gmt":"2019-09-25T10:31:40","guid":{"rendered":"https:\/\/lebenleben.de\/?post_type=aktuelles&#038;p=11569"},"modified":"2024-05-28T11:01:58","modified_gmt":"2024-05-28T09:01:58","slug":"10-jahre-kita-wunderland","status":"publish","type":"post","link":"https:\/\/lebenleben.de\/wunderland\/aktuelles\/aktuelle-beitraege\/2019\/09\/25\/10-jahre-kita-wunderland\/","title":{"rendered":"10 Jahre KiTa Wunderland"},"content":{"rendered":"<p>In diesem Jahr (2019) konnte unsere KiTa Wunderland 10 j\u00e4hriges Bestehen feiern! Als erste integrative Ganztageskrippe im Landkreis Uelzen gestartet, umfasst unsere KiTa heute eine Krippeneinrichtung und einen angeschlossenen Ganztageskindergarten. Beide Einrichtungen arbeiten mittlerweile integrativ und bieten Kindern mit und ohne Handicap die einmalige Chance gemeinsam vorurteilsfrei aufzuwachsen. Dieses Miteinander sorgt im KiTa-Alltag immer wieder f\u00fcr ganz viel Spa\u00df und Abwechslung. So stand auch der &#8222;Jubil\u00e4umstag&#8220; Ende Juni ganz unter dem Motto &#8222;Spannung, Spa\u00df und Spiel&#8220;. Mit Unterst\u00fctzung von Eltern und KiTa-Kollegen wurde ein tolles, abwechslungsreiches Programm f\u00fcr Klein &amp; Gro\u00df geboten. Die Sonne &#8222;brannte&#8220; vom Himmel als an der Von-Estorff-Stra\u00dfe in Uelzen gefeiert wurde!<\/p>\n<p>Basteln, Wasserspiele, Kinderschminken, Flohmarkt, H\u00fcpfburg, Baukonstruktionsecke der Firma Moelders und eine Auswahl an leckeren Kleinigkeiten boten allen Teilnehmern einen unvergesslichen Tag! Viele Ehemalige lie\u00dfen es sich nehmen und schauten ebenfalls vorbei &#8211; dar\u00fcber hat sich unser Team ganz besonders gefreut!<\/p>\n<p>&nbsp;<\/p>\n","protected":false},"excerpt":{"rendered":"<p>In diesem Jahr (2019) konnte unsere KiTa Wunderland 10 j\u00e4hriges Bestehen feiern! Als erste integrative Ganztageskrippe im Landkreis Uelzen gestartet, umfasst unsere KiTa heute eine Krippeneinrichtung und einen angeschlossenen Ganztageskindergarten. Beide Einrichtungen arbeiten mittlerweile integrativ und bieten Kindern mit und ohne Handicap die einmalige Chance gemeinsam vorurteilsfrei aufzuwachsen. Dieses Miteinander sorgt im KiTa-Alltag immer wieder [&hellip;]<\/p>\n","protected":false},"author":1,"featured_media":14077,"comment_status":"closed","ping_status":"closed","sticky":false,"template":"","format":"standard","meta":{"_acf_changed":false,"footnotes":""},"categories":[7],"tags":[],"class_list":["post-11569","post","type-post","status-publish","format-standard","has-post-thumbnail","hentry","category-wunderland"],"acf":[],"yoast_head":"<!-- This site is optimized with the Yoast SEO plugin v27.3 - https:\/\/yoast.com\/product\/yoast-seo-wordpress\/ -->\n<title>10 Jahre KiTa Wunderland - Leben leben Wunderland<\/title>\n<meta name=\"robots\" content=\"index, follow, max-snippet:-1, max-image-preview:large, max-video-preview:-1\" \/>\n<link rel=\"canonical\" href=\"https:\/\/lebenleben.de\/wunderland\/aktuelles\/aktuelle-beitraege\/2019\/09\/25\/10-jahre-kita-wunderland\/\" \/>\n<meta property=\"og:locale\" content=\"de_DE\" \/>\n<meta property=\"og:type\" content=\"article\" \/>\n<meta property=\"og:title\" content=\"10 Jahre KiTa Wunderland - Leben leben Wunderland\" \/>\n<meta property=\"og:description\" content=\"In diesem Jahr (2019) konnte unsere KiTa Wunderland 10 j\u00e4hriges Bestehen feiern! Als erste integrative Ganztageskrippe im Landkreis Uelzen gestartet, umfasst unsere KiTa heute eine Krippeneinrichtung und einen angeschlossenen Ganztageskindergarten. Beide Einrichtungen arbeiten mittlerweile integrativ und bieten Kindern mit und ohne Handicap die einmalige Chance gemeinsam vorurteilsfrei aufzuwachsen. Dieses Miteinander sorgt im KiTa-Alltag immer wieder [&hellip;]\" \/>\n<meta property=\"og:url\" content=\"https:\/\/lebenleben.de\/wunderland\/aktuelles\/aktuelle-beitraege\/2019\/09\/25\/10-jahre-kita-wunderland\/\" \/>\n<meta property=\"og:site_name\" content=\"Leben leben Wunderland\" \/>\n<meta property=\"article:published_time\" content=\"2019-09-25T10:31:40+00:00\" \/>\n<meta property=\"article:modified_time\" content=\"2024-05-28T09:01:58+00:00\" \/>\n<meta property=\"og:image\" content=\"https:\/\/lebenleben.de\/wunderland\/wp-content\/uploads\/sites\/9\/2019\/09\/IMG_20190629_121351_resized1.jpg\" \/>\n\t<meta property=\"og:image:width\" content=\"1200\" \/>\n\t<meta property=\"og:image:height\" content=\"900\" \/>\n\t<meta property=\"og:image:type\" content=\"image\/jpeg\" \/>\n<meta name=\"author\" content=\"bjoern\" \/>\n<meta name=\"twitter:card\" content=\"summary_large_image\" \/>\n<meta name=\"twitter:label1\" content=\"Verfasst von\" \/>\n\t<meta name=\"twitter:data1\" content=\"bjoern\" \/>\n\t<meta name=\"twitter:label2\" content=\"Gesch\u00e4tzte Lesezeit\" \/>\n\t<meta name=\"twitter:data2\" content=\"1\u00a0Minute\" \/>\n<script type=\"application\/ld+json\" class=\"yoast-schema-graph\">{\"@context\":\"https:\\\/\\\/schema.org\",\"@graph\":[{\"@type\":\"Article\",\"@id\":\"https:\\\/\\\/lebenleben.de\\\/wunderland\\\/aktuelles\\\/aktuelle-beitraege\\\/2019\\\/09\\\/25\\\/10-jahre-kita-wunderland\\\/#article\",\"isPartOf\":{\"@id\":\"https:\\\/\\\/lebenleben.de\\\/wunderland\\\/aktuelles\\\/aktuelle-beitraege\\\/2019\\\/09\\\/25\\\/10-jahre-kita-wunderland\\\/\"},\"author\":{\"name\":\"bjoern\",\"@id\":\"https:\\\/\\\/lebenleben.de\\\/wunderland\\\/#\\\/schema\\\/person\\\/d696b7f009e8fbbb086099ce8650d2d1\"},\"headline\":\"10 Jahre KiTa Wunderland\",\"datePublished\":\"2019-09-25T10:31:40+00:00\",\"dateModified\":\"2024-05-28T09:01:58+00:00\",\"mainEntityOfPage\":{\"@id\":\"https:\\\/\\\/lebenleben.de\\\/wunderland\\\/aktuelles\\\/aktuelle-beitraege\\\/2019\\\/09\\\/25\\\/10-jahre-kita-wunderland\\\/\"},\"wordCount\":156,\"publisher\":{\"@id\":\"https:\\\/\\\/lebenleben.de\\\/wunderland\\\/#organization\"},\"image\":{\"@id\":\"https:\\\/\\\/lebenleben.de\\\/wunderland\\\/aktuelles\\\/aktuelle-beitraege\\\/2019\\\/09\\\/25\\\/10-jahre-kita-wunderland\\\/#primaryimage\"},\"thumbnailUrl\":\"https:\\\/\\\/lebenleben.de\\\/wunderland\\\/wp-content\\\/uploads\\\/sites\\\/9\\\/2019\\\/09\\\/IMG_20190629_121351_resized1.jpg\",\"articleSection\":[\"Wunderland\"],\"inLanguage\":\"de\"},{\"@type\":\"WebPage\",\"@id\":\"https:\\\/\\\/lebenleben.de\\\/wunderland\\\/aktuelles\\\/aktuelle-beitraege\\\/2019\\\/09\\\/25\\\/10-jahre-kita-wunderland\\\/\",\"url\":\"https:\\\/\\\/lebenleben.de\\\/wunderland\\\/aktuelles\\\/aktuelle-beitraege\\\/2019\\\/09\\\/25\\\/10-jahre-kita-wunderland\\\/\",\"name\":\"10 Jahre KiTa Wunderland - Leben leben Wunderland\",\"isPartOf\":{\"@id\":\"https:\\\/\\\/lebenleben.de\\\/wunderland\\\/#website\"},\"primaryImageOfPage\":{\"@id\":\"https:\\\/\\\/lebenleben.de\\\/wunderland\\\/aktuelles\\\/aktuelle-beitraege\\\/2019\\\/09\\\/25\\\/10-jahre-kita-wunderland\\\/#primaryimage\"},\"image\":{\"@id\":\"https:\\\/\\\/lebenleben.de\\\/wunderland\\\/aktuelles\\\/aktuelle-beitraege\\\/2019\\\/09\\\/25\\\/10-jahre-kita-wunderland\\\/#primaryimage\"},\"thumbnailUrl\":\"https:\\\/\\\/lebenleben.de\\\/wunderland\\\/wp-content\\\/uploads\\\/sites\\\/9\\\/2019\\\/09\\\/IMG_20190629_121351_resized1.jpg\",\"datePublished\":\"2019-09-25T10:31:40+00:00\",\"dateModified\":\"2024-05-28T09:01:58+00:00\",\"breadcrumb\":{\"@id\":\"https:\\\/\\\/lebenleben.de\\\/wunderland\\\/aktuelles\\\/aktuelle-beitraege\\\/2019\\\/09\\\/25\\\/10-jahre-kita-wunderland\\\/#breadcrumb\"},\"inLanguage\":\"de\",\"potentialAction\":[{\"@type\":\"ReadAction\",\"target\":[\"https:\\\/\\\/lebenleben.de\\\/wunderland\\\/aktuelles\\\/aktuelle-beitraege\\\/2019\\\/09\\\/25\\\/10-jahre-kita-wunderland\\\/\"]}]},{\"@type\":\"ImageObject\",\"inLanguage\":\"de\",\"@id\":\"https:\\\/\\\/lebenleben.de\\\/wunderland\\\/aktuelles\\\/aktuelle-beitraege\\\/2019\\\/09\\\/25\\\/10-jahre-kita-wunderland\\\/#primaryimage\",\"url\":\"https:\\\/\\\/lebenleben.de\\\/wunderland\\\/wp-content\\\/uploads\\\/sites\\\/9\\\/2019\\\/09\\\/IMG_20190629_121351_resized1.jpg\",\"contentUrl\":\"https:\\\/\\\/lebenleben.de\\\/wunderland\\\/wp-content\\\/uploads\\\/sites\\\/9\\\/2019\\\/09\\\/IMG_20190629_121351_resized1.jpg\",\"width\":1200,\"height\":900,\"caption\":\"cof\"},{\"@type\":\"BreadcrumbList\",\"@id\":\"https:\\\/\\\/lebenleben.de\\\/wunderland\\\/aktuelles\\\/aktuelle-beitraege\\\/2019\\\/09\\\/25\\\/10-jahre-kita-wunderland\\\/#breadcrumb\",\"itemListElement\":[{\"@type\":\"ListItem\",\"position\":1,\"name\":\"Startseite\",\"item\":\"https:\\\/\\\/lebenleben.de\\\/wunderland\\\/\"},{\"@type\":\"ListItem\",\"position\":2,\"name\":\"10 Jahre KiTa Wunderland\"}]},{\"@type\":\"WebSite\",\"@id\":\"https:\\\/\\\/lebenleben.de\\\/wunderland\\\/#website\",\"url\":\"https:\\\/\\\/lebenleben.de\\\/wunderland\\\/\",\"name\":\"Leben leben Wunderland\",\"description\":\"Eine weitere Leben Leben Netzwerk Website\",\"publisher\":{\"@id\":\"https:\\\/\\\/lebenleben.de\\\/wunderland\\\/#organization\"},\"potentialAction\":[{\"@type\":\"SearchAction\",\"target\":{\"@type\":\"EntryPoint\",\"urlTemplate\":\"https:\\\/\\\/lebenleben.de\\\/wunderland\\\/?s={search_term_string}\"},\"query-input\":{\"@type\":\"PropertyValueSpecification\",\"valueRequired\":true,\"valueName\":\"search_term_string\"}}],\"inLanguage\":\"de\"},{\"@type\":\"Organization\",\"@id\":\"https:\\\/\\\/lebenleben.de\\\/wunderland\\\/#organization\",\"name\":\"Leben leben Wunderland\",\"url\":\"https:\\\/\\\/lebenleben.de\\\/wunderland\\\/\",\"logo\":{\"@type\":\"ImageObject\",\"inLanguage\":\"de\",\"@id\":\"https:\\\/\\\/lebenleben.de\\\/wunderland\\\/#\\\/schema\\\/logo\\\/image\\\/\",\"url\":\"https:\\\/\\\/lebenleben.de\\\/wunderland\\\/wp-content\\\/uploads\\\/sites\\\/9\\\/2021\\\/01\\\/ll_favicon-green.png\",\"contentUrl\":\"https:\\\/\\\/lebenleben.de\\\/wunderland\\\/wp-content\\\/uploads\\\/sites\\\/9\\\/2021\\\/01\\\/ll_favicon-green.png\",\"width\":501,\"height\":501,\"caption\":\"Leben leben Wunderland\"},\"image\":{\"@id\":\"https:\\\/\\\/lebenleben.de\\\/wunderland\\\/#\\\/schema\\\/logo\\\/image\\\/\"}},{\"@type\":\"Person\",\"@id\":\"https:\\\/\\\/lebenleben.de\\\/wunderland\\\/#\\\/schema\\\/person\\\/d696b7f009e8fbbb086099ce8650d2d1\",\"name\":\"bjoern\",\"image\":{\"@type\":\"ImageObject\",\"inLanguage\":\"de\",\"@id\":\"https:\\\/\\\/secure.gravatar.com\\\/avatar\\\/fd8af8590fa7cca19e9f8fb436dab1bb0cbcfdb6e0ec5977998b686ad1a1db00?s=96&d=mm&r=g\",\"url\":\"https:\\\/\\\/secure.gravatar.com\\\/avatar\\\/fd8af8590fa7cca19e9f8fb436dab1bb0cbcfdb6e0ec5977998b686ad1a1db00?s=96&d=mm&r=g\",\"contentUrl\":\"https:\\\/\\\/secure.gravatar.com\\\/avatar\\\/fd8af8590fa7cca19e9f8fb436dab1bb0cbcfdb6e0ec5977998b686ad1a1db00?s=96&d=mm&r=g\",\"caption\":\"bjoern\"},\"sameAs\":[\"https:\\\/\\\/lebenleben.de\"],\"url\":\"https:\\\/\\\/lebenleben.de\\\/wunderland\\\/aktuelles\\\/aktuelle-beitraege\\\/author\\\/bjoern\\\/\"}]}<\/script>\n<!-- \/ Yoast SEO plugin. -->","yoast_head_json":{"title":"10 Jahre KiTa Wunderland - Leben leben Wunderland","robots":{"index":"index","follow":"follow","max-snippet":"max-snippet:-1","max-image-preview":"max-image-preview:large","max-video-preview":"max-video-preview:-1"},"canonical":"https:\/\/lebenleben.de\/wunderland\/aktuelles\/aktuelle-beitraege\/2019\/09\/25\/10-jahre-kita-wunderland\/","og_locale":"de_DE","og_type":"article","og_title":"10 Jahre KiTa Wunderland - Leben leben Wunderland","og_description":"In diesem Jahr (2019) konnte unsere KiTa Wunderland 10 j\u00e4hriges Bestehen feiern! Als erste integrative Ganztageskrippe im Landkreis Uelzen gestartet, umfasst unsere KiTa heute eine Krippeneinrichtung und einen angeschlossenen Ganztageskindergarten. Beide Einrichtungen arbeiten mittlerweile integrativ und bieten Kindern mit und ohne Handicap die einmalige Chance gemeinsam vorurteilsfrei aufzuwachsen. Dieses Miteinander sorgt im KiTa-Alltag immer wieder [&hellip;]","og_url":"https:\/\/lebenleben.de\/wunderland\/aktuelles\/aktuelle-beitraege\/2019\/09\/25\/10-jahre-kita-wunderland\/","og_site_name":"Leben leben Wunderland","article_published_time":"2019-09-25T10:31:40+00:00","article_modified_time":"2024-05-28T09:01:58+00:00","og_image":[{"width":1200,"height":900,"url":"https:\/\/lebenleben.de\/wunderland\/wp-content\/uploads\/sites\/9\/2019\/09\/IMG_20190629_121351_resized1.jpg","type":"image\/jpeg"}],"author":"bjoern","twitter_card":"summary_large_image","twitter_misc":{"Verfasst von":"bjoern","Gesch\u00e4tzte Lesezeit":"1\u00a0Minute"},"schema":{"@context":"https:\/\/schema.org","@graph":[{"@type":"Article","@id":"https:\/\/lebenleben.de\/wunderland\/aktuelles\/aktuelle-beitraege\/2019\/09\/25\/10-jahre-kita-wunderland\/#article","isPartOf":{"@id":"https:\/\/lebenleben.de\/wunderland\/aktuelles\/aktuelle-beitraege\/2019\/09\/25\/10-jahre-kita-wunderland\/"},"author":{"name":"bjoern","@id":"https:\/\/lebenleben.de\/wunderland\/#\/schema\/person\/d696b7f009e8fbbb086099ce8650d2d1"},"headline":"10 Jahre KiTa Wunderland","datePublished":"2019-09-25T10:31:40+00:00","dateModified":"2024-05-28T09:01:58+00:00","mainEntityOfPage":{"@id":"https:\/\/lebenleben.de\/wunderland\/aktuelles\/aktuelle-beitraege\/2019\/09\/25\/10-jahre-kita-wunderland\/"},"wordCount":156,"publisher":{"@id":"https:\/\/lebenleben.de\/wunderland\/#organization"},"image":{"@id":"https:\/\/lebenleben.de\/wunderland\/aktuelles\/aktuelle-beitraege\/2019\/09\/25\/10-jahre-kita-wunderland\/#primaryimage"},"thumbnailUrl":"https:\/\/lebenleben.de\/wunderland\/wp-content\/uploads\/sites\/9\/2019\/09\/IMG_20190629_121351_resized1.jpg","articleSection":["Wunderland"],"inLanguage":"de"},{"@type":"WebPage","@id":"https:\/\/lebenleben.de\/wunderland\/aktuelles\/aktuelle-beitraege\/2019\/09\/25\/10-jahre-kita-wunderland\/","url":"https:\/\/lebenleben.de\/wunderland\/aktuelles\/aktuelle-beitraege\/2019\/09\/25\/10-jahre-kita-wunderland\/","name":"10 Jahre KiTa Wunderland - Leben leben Wunderland","isPartOf":{"@id":"https:\/\/lebenleben.de\/wunderland\/#website"},"primaryImageOfPage":{"@id":"https:\/\/lebenleben.de\/wunderland\/aktuelles\/aktuelle-beitraege\/2019\/09\/25\/10-jahre-kita-wunderland\/#primaryimage"},"image":{"@id":"https:\/\/lebenleben.de\/wunderland\/aktuelles\/aktuelle-beitraege\/2019\/09\/25\/10-jahre-kita-wunderland\/#primaryimage"},"thumbnailUrl":"https:\/\/lebenleben.de\/wunderland\/wp-content\/uploads\/sites\/9\/2019\/09\/IMG_20190629_121351_resized1.jpg","datePublished":"2019-09-25T10:31:40+00:00","dateModified":"2024-05-28T09:01:58+00:00","breadcrumb":{"@id":"https:\/\/lebenleben.de\/wunderland\/aktuelles\/aktuelle-beitraege\/2019\/09\/25\/10-jahre-kita-wunderland\/#breadcrumb"},"inLanguage":"de","potentialAction":[{"@type":"ReadAction","target":["https:\/\/lebenleben.de\/wunderland\/aktuelles\/aktuelle-beitraege\/2019\/09\/25\/10-jahre-kita-wunderland\/"]}]},{"@type":"ImageObject","inLanguage":"de","@id":"https:\/\/lebenleben.de\/wunderland\/aktuelles\/aktuelle-beitraege\/2019\/09\/25\/10-jahre-kita-wunderland\/#primaryimage","url":"https:\/\/lebenleben.de\/wunderland\/wp-content\/uploads\/sites\/9\/2019\/09\/IMG_20190629_121351_resized1.jpg","contentUrl":"https:\/\/lebenleben.de\/wunderland\/wp-content\/uploads\/sites\/9\/2019\/09\/IMG_20190629_121351_resized1.jpg","width":1200,"height":900,"caption":"cof"},{"@type":"BreadcrumbList","@id":"https:\/\/lebenleben.de\/wunderland\/aktuelles\/aktuelle-beitraege\/2019\/09\/25\/10-jahre-kita-wunderland\/#breadcrumb","itemListElement":[{"@type":"ListItem","position":1,"name":"Startseite","item":"https:\/\/lebenleben.de\/wunderland\/"},{"@type":"ListItem","position":2,"name":"10 Jahre KiTa Wunderland"}]},{"@type":"WebSite","@id":"https:\/\/lebenleben.de\/wunderland\/#website","url":"https:\/\/lebenleben.de\/wunderland\/","name":"Leben leben Wunderland","description":"Eine weitere Leben Leben Netzwerk Website","publisher":{"@id":"https:\/\/lebenleben.de\/wunderland\/#organization"},"potentialAction":[{"@type":"SearchAction","target":{"@type":"EntryPoint","urlTemplate":"https:\/\/lebenleben.de\/wunderland\/?s={search_term_string}"},"query-input":{"@type":"PropertyValueSpecification","valueRequired":true,"valueName":"search_term_string"}}],"inLanguage":"de"},{"@type":"Organization","@id":"https:\/\/lebenleben.de\/wunderland\/#organization","name":"Leben leben Wunderland","url":"https:\/\/lebenleben.de\/wunderland\/","logo":{"@type":"ImageObject","inLanguage":"de","@id":"https:\/\/lebenleben.de\/wunderland\/#\/schema\/logo\/image\/","url":"https:\/\/lebenleben.de\/wunderland\/wp-content\/uploads\/sites\/9\/2021\/01\/ll_favicon-green.png","contentUrl":"https:\/\/lebenleben.de\/wunderland\/wp-content\/uploads\/sites\/9\/2021\/01\/ll_favicon-green.png","width":501,"height":501,"caption":"Leben leben Wunderland"},"image":{"@id":"https:\/\/lebenleben.de\/wunderland\/#\/schema\/logo\/image\/"}},{"@type":"Person","@id":"https:\/\/lebenleben.de\/wunderland\/#\/schema\/person\/d696b7f009e8fbbb086099ce8650d2d1","name":"bjoern","image":{"@type":"ImageObject","inLanguage":"de","@id":"https:\/\/secure.gravatar.com\/avatar\/fd8af8590fa7cca19e9f8fb436dab1bb0cbcfdb6e0ec5977998b686ad1a1db00?s=96&d=mm&r=g","url":"https:\/\/secure.gravatar.com\/avatar\/fd8af8590fa7cca19e9f8fb436dab1bb0cbcfdb6e0ec5977998b686ad1a1db00?s=96&d=mm&r=g","contentUrl":"https:\/\/secure.gravatar.com\/avatar\/fd8af8590fa7cca19e9f8fb436dab1bb0cbcfdb6e0ec5977998b686ad1a1db00?s=96&d=mm&r=g","caption":"bjoern"},"sameAs":["https:\/\/lebenleben.de"],"url":"https:\/\/lebenleben.de\/wunderland\/aktuelles\/aktuelle-beitraege\/author\/bjoern\/"}]}},"_links":{"self":[{"href":"https:\/\/lebenleben.de\/wunderland\/wp-json\/wp\/v2\/posts\/11569","targetHints":{"allow":["GET"]}}],"collection":[{"href":"https:\/\/lebenleben.de\/wunderland\/wp-json\/wp\/v2\/posts"}],"about":[{"href":"https:\/\/lebenleben.de\/wunderland\/wp-json\/wp\/v2\/types\/post"}],"author":[{"embeddable":true,"href":"https:\/\/lebenleben.de\/wunderland\/wp-json\/wp\/v2\/users\/1"}],"replies":[{"embeddable":true,"href":"https:\/\/lebenleben.de\/wunderland\/wp-json\/wp\/v2\/comments?post=11569"}],"version-history":[{"count":2,"href":"https:\/\/lebenleben.de\/wunderland\/wp-json\/wp\/v2\/posts\/11569\/revisions"}],"predecessor-version":[{"id":14420,"href":"https:\/\/lebenleben.de\/wunderland\/wp-json\/wp\/v2\/posts\/11569\/revisions\/14420"}],"wp:featuredmedia":[{"embeddable":true,"href":"https:\/\/lebenleben.de\/wunderland\/wp-json\/wp\/v2\/media\/14077"}],"wp:attachment":[{"href":"https:\/\/lebenleben.de\/wunderland\/wp-json\/wp\/v2\/media?parent=11569"}],"wp:term":[{"taxonomy":"category","embeddable":true,"href":"https:\/\/lebenleben.de\/wunderland\/wp-json\/wp\/v2\/categories?post=11569"},{"taxonomy":"post_tag","embeddable":true,"href":"https:\/\/lebenleben.de\/wunderland\/wp-json\/wp\/v2\/tags?post=11569"}],"curies":[{"name":"wp","href":"https:\/\/api.w.org\/{rel}","templated":true}]}}