{"id":14057,"date":"2020-08-10T11:02:34","date_gmt":"2020-08-10T09:02:34","guid":{"rendered":"https:\/\/lebenleben.de\/?post_type=aktuelles&#038;p=12674"},"modified":"2024-05-28T11:02:02","modified_gmt":"2024-05-28T09:02:02","slug":"herzlich-willkommen-im-neuen-krippen-und-kindergartenjahr","status":"publish","type":"post","link":"https:\/\/lebenleben.de\/wunderland\/aktuelles\/aktuelle-beitraege\/2020\/08\/10\/herzlich-willkommen-im-neuen-krippen-und-kindergartenjahr\/","title":{"rendered":"Herzlich Willkommen im neuen Krippen- und Kindergartenjahr!"},"content":{"rendered":"<p>Liebe Kinder, Eltern und Sorgeberechtigte,<\/p>\n<p>wir freuen uns, Euch alle zum Start in die zweite Jahresh\u00e4lfte begr\u00fc\u00dfen zu k\u00f6nnen und hoffen, dass ihr alle eine sch\u00f6ne Ferienzeit hattet! Bei der Gestaltung des&nbsp; neuen Krippen- und Kindergartenjahres werden wir uns selbstverst\u00e4ndlich auch weiterhin an wichtigen Hygieneregeln orientieren. Die konsequente Einhaltung dieser Regeln ist f\u00fcr unser Miteinander von immenser Bedeutung!<\/p>\n<p>Damit wir mit Euch nicht nur gut in die zweite Jahresh\u00e4lfte starten k\u00f6nnen, sondern auch gemeinsam gut durch dass neue Krippen- und Kindergartenjahr kommen, m\u00f6chten wir Euch dringend darum bitten, auch ausserhalb der Betreuungszeiten immer an die notwendigen Abstands- und Hygieneregeln zu denken und diese zu befolgen! Ihr sch\u00fctzt nicht nur Euch selber, sondern auch die Menschen in Eurem Umfeld!<\/p>\n<p>Trotz aller ACHTSAMKEIT werden Spiel und Spa\u00df nicht zu kurz kommen &#8211; das versprechen wir Euch!<\/p>\n<p>&nbsp;<\/p>\n","protected":false},"excerpt":{"rendered":"<p>Liebe Kinder, Eltern und Sorgeberechtigte, wir freuen uns, Euch alle zum Start in die zweite Jahresh\u00e4lfte begr\u00fc\u00dfen zu k\u00f6nnen und hoffen, dass ihr alle eine sch\u00f6ne Ferienzeit hattet! Bei der Gestaltung des&nbsp; neuen Krippen- und Kindergartenjahres werden wir uns selbstverst\u00e4ndlich auch weiterhin an wichtigen Hygieneregeln orientieren. Die konsequente Einhaltung dieser Regeln ist f\u00fcr unser Miteinander [&hellip;]<\/p>\n","protected":false},"author":1,"featured_media":14079,"comment_status":"closed","ping_status":"closed","sticky":false,"template":"","format":"standard","meta":{"_acf_changed":false,"footnotes":""},"categories":[7],"tags":[],"class_list":["post-14057","post","type-post","status-publish","format-standard","has-post-thumbnail","hentry","category-wunderland"],"acf":[],"yoast_head":"<!-- This site is optimized with the Yoast SEO plugin v27.3 - https:\/\/yoast.com\/product\/yoast-seo-wordpress\/ -->\n<title>Herzlich Willkommen im neuen Krippen- und Kindergartenjahr! - Leben leben Wunderland<\/title>\n<meta name=\"robots\" content=\"index, follow, max-snippet:-1, max-image-preview:large, max-video-preview:-1\" \/>\n<link rel=\"canonical\" href=\"https:\/\/lebenleben.de\/wunderland\/aktuelles\/aktuelle-beitraege\/2020\/08\/10\/herzlich-willkommen-im-neuen-krippen-und-kindergartenjahr\/\" \/>\n<meta property=\"og:locale\" content=\"de_DE\" \/>\n<meta property=\"og:type\" content=\"article\" \/>\n<meta property=\"og:title\" content=\"Herzlich Willkommen im neuen Krippen- und Kindergartenjahr! - Leben leben Wunderland\" \/>\n<meta property=\"og:description\" content=\"Liebe Kinder, Eltern und Sorgeberechtigte, wir freuen uns, Euch alle zum Start in die zweite Jahresh\u00e4lfte begr\u00fc\u00dfen zu k\u00f6nnen und hoffen, dass ihr alle eine sch\u00f6ne Ferienzeit hattet! Bei der Gestaltung des&nbsp; neuen Krippen- und Kindergartenjahres werden wir uns selbstverst\u00e4ndlich auch weiterhin an wichtigen Hygieneregeln orientieren. Die konsequente Einhaltung dieser Regeln ist f\u00fcr unser Miteinander [&hellip;]\" \/>\n<meta property=\"og:url\" content=\"https:\/\/lebenleben.de\/wunderland\/aktuelles\/aktuelle-beitraege\/2020\/08\/10\/herzlich-willkommen-im-neuen-krippen-und-kindergartenjahr\/\" \/>\n<meta property=\"og:site_name\" content=\"Leben leben Wunderland\" \/>\n<meta property=\"article:published_time\" content=\"2020-08-10T09:02:34+00:00\" \/>\n<meta property=\"article:modified_time\" content=\"2024-05-28T09:02:02+00:00\" \/>\n<meta property=\"og:image\" content=\"https:\/\/lebenleben.de\/wunderland\/wp-content\/uploads\/sites\/9\/2020\/08\/5N5A5316-e16032024221501.jpg\" \/>\n\t<meta property=\"og:image:width\" content=\"355\" \/>\n\t<meta property=\"og:image:height\" content=\"231\" \/>\n\t<meta property=\"og:image:type\" content=\"image\/jpeg\" \/>\n<meta name=\"author\" content=\"bjoern\" \/>\n<meta name=\"twitter:card\" content=\"summary_large_image\" \/>\n<meta name=\"twitter:label1\" content=\"Verfasst von\" \/>\n\t<meta name=\"twitter:data1\" content=\"bjoern\" \/>\n\t<meta name=\"twitter:label2\" content=\"Gesch\u00e4tzte Lesezeit\" \/>\n\t<meta name=\"twitter:data2\" content=\"1\u00a0Minute\" \/>\n<script type=\"application\/ld+json\" class=\"yoast-schema-graph\">{\"@context\":\"https:\\\/\\\/schema.org\",\"@graph\":[{\"@type\":\"Article\",\"@id\":\"https:\\\/\\\/lebenleben.de\\\/wunderland\\\/aktuelles\\\/aktuelle-beitraege\\\/2020\\\/08\\\/10\\\/herzlich-willkommen-im-neuen-krippen-und-kindergartenjahr\\\/#article\",\"isPartOf\":{\"@id\":\"https:\\\/\\\/lebenleben.de\\\/wunderland\\\/aktuelles\\\/aktuelle-beitraege\\\/2020\\\/08\\\/10\\\/herzlich-willkommen-im-neuen-krippen-und-kindergartenjahr\\\/\"},\"author\":{\"name\":\"bjoern\",\"@id\":\"https:\\\/\\\/lebenleben.de\\\/wunderland\\\/#\\\/schema\\\/person\\\/d696b7f009e8fbbb086099ce8650d2d1\"},\"headline\":\"Herzlich Willkommen im neuen Krippen- und Kindergartenjahr!\",\"datePublished\":\"2020-08-10T09:02:34+00:00\",\"dateModified\":\"2024-05-28T09:02:02+00:00\",\"mainEntityOfPage\":{\"@id\":\"https:\\\/\\\/lebenleben.de\\\/wunderland\\\/aktuelles\\\/aktuelle-beitraege\\\/2020\\\/08\\\/10\\\/herzlich-willkommen-im-neuen-krippen-und-kindergartenjahr\\\/\"},\"wordCount\":153,\"publisher\":{\"@id\":\"https:\\\/\\\/lebenleben.de\\\/wunderland\\\/#organization\"},\"image\":{\"@id\":\"https:\\\/\\\/lebenleben.de\\\/wunderland\\\/aktuelles\\\/aktuelle-beitraege\\\/2020\\\/08\\\/10\\\/herzlich-willkommen-im-neuen-krippen-und-kindergartenjahr\\\/#primaryimage\"},\"thumbnailUrl\":\"https:\\\/\\\/lebenleben.de\\\/wunderland\\\/wp-content\\\/uploads\\\/sites\\\/9\\\/2020\\\/08\\\/5N5A5316-e16032024221501.jpg\",\"articleSection\":[\"Wunderland\"],\"inLanguage\":\"de\"},{\"@type\":\"WebPage\",\"@id\":\"https:\\\/\\\/lebenleben.de\\\/wunderland\\\/aktuelles\\\/aktuelle-beitraege\\\/2020\\\/08\\\/10\\\/herzlich-willkommen-im-neuen-krippen-und-kindergartenjahr\\\/\",\"url\":\"https:\\\/\\\/lebenleben.de\\\/wunderland\\\/aktuelles\\\/aktuelle-beitraege\\\/2020\\\/08\\\/10\\\/herzlich-willkommen-im-neuen-krippen-und-kindergartenjahr\\\/\",\"name\":\"Herzlich Willkommen im neuen Krippen- und Kindergartenjahr! - Leben leben Wunderland\",\"isPartOf\":{\"@id\":\"https:\\\/\\\/lebenleben.de\\\/wunderland\\\/#website\"},\"primaryImageOfPage\":{\"@id\":\"https:\\\/\\\/lebenleben.de\\\/wunderland\\\/aktuelles\\\/aktuelle-beitraege\\\/2020\\\/08\\\/10\\\/herzlich-willkommen-im-neuen-krippen-und-kindergartenjahr\\\/#primaryimage\"},\"image\":{\"@id\":\"https:\\\/\\\/lebenleben.de\\\/wunderland\\\/aktuelles\\\/aktuelle-beitraege\\\/2020\\\/08\\\/10\\\/herzlich-willkommen-im-neuen-krippen-und-kindergartenjahr\\\/#primaryimage\"},\"thumbnailUrl\":\"https:\\\/\\\/lebenleben.de\\\/wunderland\\\/wp-content\\\/uploads\\\/sites\\\/9\\\/2020\\\/08\\\/5N5A5316-e16032024221501.jpg\",\"datePublished\":\"2020-08-10T09:02:34+00:00\",\"dateModified\":\"2024-05-28T09:02:02+00:00\",\"breadcrumb\":{\"@id\":\"https:\\\/\\\/lebenleben.de\\\/wunderland\\\/aktuelles\\\/aktuelle-beitraege\\\/2020\\\/08\\\/10\\\/herzlich-willkommen-im-neuen-krippen-und-kindergartenjahr\\\/#breadcrumb\"},\"inLanguage\":\"de\",\"potentialAction\":[{\"@type\":\"ReadAction\",\"target\":[\"https:\\\/\\\/lebenleben.de\\\/wunderland\\\/aktuelles\\\/aktuelle-beitraege\\\/2020\\\/08\\\/10\\\/herzlich-willkommen-im-neuen-krippen-und-kindergartenjahr\\\/\"]}]},{\"@type\":\"ImageObject\",\"inLanguage\":\"de\",\"@id\":\"https:\\\/\\\/lebenleben.de\\\/wunderland\\\/aktuelles\\\/aktuelle-beitraege\\\/2020\\\/08\\\/10\\\/herzlich-willkommen-im-neuen-krippen-und-kindergartenjahr\\\/#primaryimage\",\"url\":\"https:\\\/\\\/lebenleben.de\\\/wunderland\\\/wp-content\\\/uploads\\\/sites\\\/9\\\/2020\\\/08\\\/5N5A5316-e16032024221501.jpg\",\"contentUrl\":\"https:\\\/\\\/lebenleben.de\\\/wunderland\\\/wp-content\\\/uploads\\\/sites\\\/9\\\/2020\\\/08\\\/5N5A5316-e16032024221501.jpg\",\"width\":355,\"height\":231},{\"@type\":\"BreadcrumbList\",\"@id\":\"https:\\\/\\\/lebenleben.de\\\/wunderland\\\/aktuelles\\\/aktuelle-beitraege\\\/2020\\\/08\\\/10\\\/herzlich-willkommen-im-neuen-krippen-und-kindergartenjahr\\\/#breadcrumb\",\"itemListElement\":[{\"@type\":\"ListItem\",\"position\":1,\"name\":\"Startseite\",\"item\":\"https:\\\/\\\/lebenleben.de\\\/wunderland\\\/\"},{\"@type\":\"ListItem\",\"position\":2,\"name\":\"Herzlich Willkommen im neuen Krippen- und Kindergartenjahr!\"}]},{\"@type\":\"WebSite\",\"@id\":\"https:\\\/\\\/lebenleben.de\\\/wunderland\\\/#website\",\"url\":\"https:\\\/\\\/lebenleben.de\\\/wunderland\\\/\",\"name\":\"Leben leben Wunderland\",\"description\":\"Eine weitere Leben Leben Netzwerk Website\",\"publisher\":{\"@id\":\"https:\\\/\\\/lebenleben.de\\\/wunderland\\\/#organization\"},\"potentialAction\":[{\"@type\":\"SearchAction\",\"target\":{\"@type\":\"EntryPoint\",\"urlTemplate\":\"https:\\\/\\\/lebenleben.de\\\/wunderland\\\/?s={search_term_string}\"},\"query-input\":{\"@type\":\"PropertyValueSpecification\",\"valueRequired\":true,\"valueName\":\"search_term_string\"}}],\"inLanguage\":\"de\"},{\"@type\":\"Organization\",\"@id\":\"https:\\\/\\\/lebenleben.de\\\/wunderland\\\/#organization\",\"name\":\"Leben leben Wunderland\",\"url\":\"https:\\\/\\\/lebenleben.de\\\/wunderland\\\/\",\"logo\":{\"@type\":\"ImageObject\",\"inLanguage\":\"de\",\"@id\":\"https:\\\/\\\/lebenleben.de\\\/wunderland\\\/#\\\/schema\\\/logo\\\/image\\\/\",\"url\":\"https:\\\/\\\/lebenleben.de\\\/wunderland\\\/wp-content\\\/uploads\\\/sites\\\/9\\\/2021\\\/01\\\/ll_favicon-green.png\",\"contentUrl\":\"https:\\\/\\\/lebenleben.de\\\/wunderland\\\/wp-content\\\/uploads\\\/sites\\\/9\\\/2021\\\/01\\\/ll_favicon-green.png\",\"width\":501,\"height\":501,\"caption\":\"Leben leben Wunderland\"},\"image\":{\"@id\":\"https:\\\/\\\/lebenleben.de\\\/wunderland\\\/#\\\/schema\\\/logo\\\/image\\\/\"}},{\"@type\":\"Person\",\"@id\":\"https:\\\/\\\/lebenleben.de\\\/wunderland\\\/#\\\/schema\\\/person\\\/d696b7f009e8fbbb086099ce8650d2d1\",\"name\":\"bjoern\",\"image\":{\"@type\":\"ImageObject\",\"inLanguage\":\"de\",\"@id\":\"https:\\\/\\\/secure.gravatar.com\\\/avatar\\\/fd8af8590fa7cca19e9f8fb436dab1bb0cbcfdb6e0ec5977998b686ad1a1db00?s=96&d=mm&r=g\",\"url\":\"https:\\\/\\\/secure.gravatar.com\\\/avatar\\\/fd8af8590fa7cca19e9f8fb436dab1bb0cbcfdb6e0ec5977998b686ad1a1db00?s=96&d=mm&r=g\",\"contentUrl\":\"https:\\\/\\\/secure.gravatar.com\\\/avatar\\\/fd8af8590fa7cca19e9f8fb436dab1bb0cbcfdb6e0ec5977998b686ad1a1db00?s=96&d=mm&r=g\",\"caption\":\"bjoern\"},\"sameAs\":[\"https:\\\/\\\/lebenleben.de\"],\"url\":\"https:\\\/\\\/lebenleben.de\\\/wunderland\\\/aktuelles\\\/aktuelle-beitraege\\\/author\\\/bjoern\\\/\"}]}<\/script>\n<!-- \/ Yoast SEO plugin. -->","yoast_head_json":{"title":"Herzlich Willkommen im neuen Krippen- und Kindergartenjahr! - Leben leben Wunderland","robots":{"index":"index","follow":"follow","max-snippet":"max-snippet:-1","max-image-preview":"max-image-preview:large","max-video-preview":"max-video-preview:-1"},"canonical":"https:\/\/lebenleben.de\/wunderland\/aktuelles\/aktuelle-beitraege\/2020\/08\/10\/herzlich-willkommen-im-neuen-krippen-und-kindergartenjahr\/","og_locale":"de_DE","og_type":"article","og_title":"Herzlich Willkommen im neuen Krippen- und Kindergartenjahr! - Leben leben Wunderland","og_description":"Liebe Kinder, Eltern und Sorgeberechtigte, wir freuen uns, Euch alle zum Start in die zweite Jahresh\u00e4lfte begr\u00fc\u00dfen zu k\u00f6nnen und hoffen, dass ihr alle eine sch\u00f6ne Ferienzeit hattet! Bei der Gestaltung des&nbsp; neuen Krippen- und Kindergartenjahres werden wir uns selbstverst\u00e4ndlich auch weiterhin an wichtigen Hygieneregeln orientieren. Die konsequente Einhaltung dieser Regeln ist f\u00fcr unser Miteinander [&hellip;]","og_url":"https:\/\/lebenleben.de\/wunderland\/aktuelles\/aktuelle-beitraege\/2020\/08\/10\/herzlich-willkommen-im-neuen-krippen-und-kindergartenjahr\/","og_site_name":"Leben leben Wunderland","article_published_time":"2020-08-10T09:02:34+00:00","article_modified_time":"2024-05-28T09:02:02+00:00","og_image":[{"width":355,"height":231,"url":"https:\/\/lebenleben.de\/wunderland\/wp-content\/uploads\/sites\/9\/2020\/08\/5N5A5316-e16032024221501.jpg","type":"image\/jpeg"}],"author":"bjoern","twitter_card":"summary_large_image","twitter_misc":{"Verfasst von":"bjoern","Gesch\u00e4tzte Lesezeit":"1\u00a0Minute"},"schema":{"@context":"https:\/\/schema.org","@graph":[{"@type":"Article","@id":"https:\/\/lebenleben.de\/wunderland\/aktuelles\/aktuelle-beitraege\/2020\/08\/10\/herzlich-willkommen-im-neuen-krippen-und-kindergartenjahr\/#article","isPartOf":{"@id":"https:\/\/lebenleben.de\/wunderland\/aktuelles\/aktuelle-beitraege\/2020\/08\/10\/herzlich-willkommen-im-neuen-krippen-und-kindergartenjahr\/"},"author":{"name":"bjoern","@id":"https:\/\/lebenleben.de\/wunderland\/#\/schema\/person\/d696b7f009e8fbbb086099ce8650d2d1"},"headline":"Herzlich Willkommen im neuen Krippen- und Kindergartenjahr!","datePublished":"2020-08-10T09:02:34+00:00","dateModified":"2024-05-28T09:02:02+00:00","mainEntityOfPage":{"@id":"https:\/\/lebenleben.de\/wunderland\/aktuelles\/aktuelle-beitraege\/2020\/08\/10\/herzlich-willkommen-im-neuen-krippen-und-kindergartenjahr\/"},"wordCount":153,"publisher":{"@id":"https:\/\/lebenleben.de\/wunderland\/#organization"},"image":{"@id":"https:\/\/lebenleben.de\/wunderland\/aktuelles\/aktuelle-beitraege\/2020\/08\/10\/herzlich-willkommen-im-neuen-krippen-und-kindergartenjahr\/#primaryimage"},"thumbnailUrl":"https:\/\/lebenleben.de\/wunderland\/wp-content\/uploads\/sites\/9\/2020\/08\/5N5A5316-e16032024221501.jpg","articleSection":["Wunderland"],"inLanguage":"de"},{"@type":"WebPage","@id":"https:\/\/lebenleben.de\/wunderland\/aktuelles\/aktuelle-beitraege\/2020\/08\/10\/herzlich-willkommen-im-neuen-krippen-und-kindergartenjahr\/","url":"https:\/\/lebenleben.de\/wunderland\/aktuelles\/aktuelle-beitraege\/2020\/08\/10\/herzlich-willkommen-im-neuen-krippen-und-kindergartenjahr\/","name":"Herzlich Willkommen im neuen Krippen- und Kindergartenjahr! - Leben leben Wunderland","isPartOf":{"@id":"https:\/\/lebenleben.de\/wunderland\/#website"},"primaryImageOfPage":{"@id":"https:\/\/lebenleben.de\/wunderland\/aktuelles\/aktuelle-beitraege\/2020\/08\/10\/herzlich-willkommen-im-neuen-krippen-und-kindergartenjahr\/#primaryimage"},"image":{"@id":"https:\/\/lebenleben.de\/wunderland\/aktuelles\/aktuelle-beitraege\/2020\/08\/10\/herzlich-willkommen-im-neuen-krippen-und-kindergartenjahr\/#primaryimage"},"thumbnailUrl":"https:\/\/lebenleben.de\/wunderland\/wp-content\/uploads\/sites\/9\/2020\/08\/5N5A5316-e16032024221501.jpg","datePublished":"2020-08-10T09:02:34+00:00","dateModified":"2024-05-28T09:02:02+00:00","breadcrumb":{"@id":"https:\/\/lebenleben.de\/wunderland\/aktuelles\/aktuelle-beitraege\/2020\/08\/10\/herzlich-willkommen-im-neuen-krippen-und-kindergartenjahr\/#breadcrumb"},"inLanguage":"de","potentialAction":[{"@type":"ReadAction","target":["https:\/\/lebenleben.de\/wunderland\/aktuelles\/aktuelle-beitraege\/2020\/08\/10\/herzlich-willkommen-im-neuen-krippen-und-kindergartenjahr\/"]}]},{"@type":"ImageObject","inLanguage":"de","@id":"https:\/\/lebenleben.de\/wunderland\/aktuelles\/aktuelle-beitraege\/2020\/08\/10\/herzlich-willkommen-im-neuen-krippen-und-kindergartenjahr\/#primaryimage","url":"https:\/\/lebenleben.de\/wunderland\/wp-content\/uploads\/sites\/9\/2020\/08\/5N5A5316-e16032024221501.jpg","contentUrl":"https:\/\/lebenleben.de\/wunderland\/wp-content\/uploads\/sites\/9\/2020\/08\/5N5A5316-e16032024221501.jpg","width":355,"height":231},{"@type":"BreadcrumbList","@id":"https:\/\/lebenleben.de\/wunderland\/aktuelles\/aktuelle-beitraege\/2020\/08\/10\/herzlich-willkommen-im-neuen-krippen-und-kindergartenjahr\/#breadcrumb","itemListElement":[{"@type":"ListItem","position":1,"name":"Startseite","item":"https:\/\/lebenleben.de\/wunderland\/"},{"@type":"ListItem","position":2,"name":"Herzlich Willkommen im neuen Krippen- und Kindergartenjahr!"}]},{"@type":"WebSite","@id":"https:\/\/lebenleben.de\/wunderland\/#website","url":"https:\/\/lebenleben.de\/wunderland\/","name":"Leben leben Wunderland","description":"Eine weitere Leben Leben Netzwerk Website","publisher":{"@id":"https:\/\/lebenleben.de\/wunderland\/#organization"},"potentialAction":[{"@type":"SearchAction","target":{"@type":"EntryPoint","urlTemplate":"https:\/\/lebenleben.de\/wunderland\/?s={search_term_string}"},"query-input":{"@type":"PropertyValueSpecification","valueRequired":true,"valueName":"search_term_string"}}],"inLanguage":"de"},{"@type":"Organization","@id":"https:\/\/lebenleben.de\/wunderland\/#organization","name":"Leben leben Wunderland","url":"https:\/\/lebenleben.de\/wunderland\/","logo":{"@type":"ImageObject","inLanguage":"de","@id":"https:\/\/lebenleben.de\/wunderland\/#\/schema\/logo\/image\/","url":"https:\/\/lebenleben.de\/wunderland\/wp-content\/uploads\/sites\/9\/2021\/01\/ll_favicon-green.png","contentUrl":"https:\/\/lebenleben.de\/wunderland\/wp-content\/uploads\/sites\/9\/2021\/01\/ll_favicon-green.png","width":501,"height":501,"caption":"Leben leben Wunderland"},"image":{"@id":"https:\/\/lebenleben.de\/wunderland\/#\/schema\/logo\/image\/"}},{"@type":"Person","@id":"https:\/\/lebenleben.de\/wunderland\/#\/schema\/person\/d696b7f009e8fbbb086099ce8650d2d1","name":"bjoern","image":{"@type":"ImageObject","inLanguage":"de","@id":"https:\/\/secure.gravatar.com\/avatar\/fd8af8590fa7cca19e9f8fb436dab1bb0cbcfdb6e0ec5977998b686ad1a1db00?s=96&d=mm&r=g","url":"https:\/\/secure.gravatar.com\/avatar\/fd8af8590fa7cca19e9f8fb436dab1bb0cbcfdb6e0ec5977998b686ad1a1db00?s=96&d=mm&r=g","contentUrl":"https:\/\/secure.gravatar.com\/avatar\/fd8af8590fa7cca19e9f8fb436dab1bb0cbcfdb6e0ec5977998b686ad1a1db00?s=96&d=mm&r=g","caption":"bjoern"},"sameAs":["https:\/\/lebenleben.de"],"url":"https:\/\/lebenleben.de\/wunderland\/aktuelles\/aktuelle-beitraege\/author\/bjoern\/"}]}},"_links":{"self":[{"href":"https:\/\/lebenleben.de\/wunderland\/wp-json\/wp\/v2\/posts\/14057","targetHints":{"allow":["GET"]}}],"collection":[{"href":"https:\/\/lebenleben.de\/wunderland\/wp-json\/wp\/v2\/posts"}],"about":[{"href":"https:\/\/lebenleben.de\/wunderland\/wp-json\/wp\/v2\/types\/post"}],"author":[{"embeddable":true,"href":"https:\/\/lebenleben.de\/wunderland\/wp-json\/wp\/v2\/users\/1"}],"replies":[{"embeddable":true,"href":"https:\/\/lebenleben.de\/wunderland\/wp-json\/wp\/v2\/comments?post=14057"}],"version-history":[{"count":3,"href":"https:\/\/lebenleben.de\/wunderland\/wp-json\/wp\/v2\/posts\/14057\/revisions"}],"predecessor-version":[{"id":14422,"href":"https:\/\/lebenleben.de\/wunderland\/wp-json\/wp\/v2\/posts\/14057\/revisions\/14422"}],"wp:featuredmedia":[{"embeddable":true,"href":"https:\/\/lebenleben.de\/wunderland\/wp-json\/wp\/v2\/media\/14079"}],"wp:attachment":[{"href":"https:\/\/lebenleben.de\/wunderland\/wp-json\/wp\/v2\/media?parent=14057"}],"wp:term":[{"taxonomy":"category","embeddable":true,"href":"https:\/\/lebenleben.de\/wunderland\/wp-json\/wp\/v2\/categories?post=14057"},{"taxonomy":"post_tag","embeddable":true,"href":"https:\/\/lebenleben.de\/wunderland\/wp-json\/wp\/v2\/tags?post=14057"}],"curies":[{"name":"wp","href":"https:\/\/api.w.org\/{rel}","templated":true}]}}