{"id":14166,"date":"2022-11-25T15:49:00","date_gmt":"2022-11-25T14:49:00","guid":{"rendered":"https:\/\/lebenleben.de\/wunderland\/?p=14166"},"modified":"2024-05-28T11:02:05","modified_gmt":"2024-05-28T09:02:05","slug":"lichterfest-in-unseren-kindergaerten","status":"publish","type":"post","link":"https:\/\/lebenleben.de\/wunderland\/aktuelles\/aktuelle-beitraege\/2022\/11\/25\/lichterfest-in-unseren-kindergaerten\/","title":{"rendered":"Lichterfest in unseren Kinderg\u00e4rten"},"content":{"rendered":"\n<p>Nach fast zweij\u00e4hriger Pause war es Anfang November endlich so weit und die Kinder des Heilp\u00e4dagogischen und des Sprachheilkindergarten konnten gemeinsam mit ihren selbstgebastelten Laternen den Abend &#8222;beleuchten&#8220;. Von der Musiktherapeutin San auf der Guitarre begleitet, wurden kr\u00e4ftig Laternenlieder gesungen. Ein warmer Punsch und Laugengeb\u00e4ck sorgten f\u00fcr die St\u00e4rkung zwischendurch. So konnten alle Kinder bestens versorgt die verschiedenen Stationen, vom Laternenslalom, Schatzsuche und den Gummistiefelweitwurf,  meistern. Ein ganz toller Abend mit gro\u00dfer Beteiligung vieler Familien, was uns nach der coronabedingten Pause alle um so mehr gefreut hat!<\/p>\n","protected":false},"excerpt":{"rendered":"<p>Nach fast zweij\u00e4hriger Pause war es Anfang November endlich so weit und die Kinder des Heilp\u00e4dagogischen und des Sprachheilkindergarten konnten gemeinsam mit ihren selbstgebastelten Laternen den Abend &#8222;beleuchten&#8220;. Von der Musiktherapeutin San auf der Guitarre begleitet, wurden kr\u00e4ftig Laternenlieder gesungen. Ein warmer Punsch und Laugengeb\u00e4ck sorgten f\u00fcr die St\u00e4rkung zwischendurch. So konnten alle Kinder bestens [&hellip;]<\/p>\n","protected":false},"author":4,"featured_media":14170,"comment_status":"closed","ping_status":"closed","sticky":false,"template":"","format":"standard","meta":{"_acf_changed":false,"footnotes":""},"categories":[1],"tags":[],"class_list":["post-14166","post","type-post","status-publish","format-standard","has-post-thumbnail","hentry","category-allgemein"],"acf":[],"yoast_head":"<!-- This site is optimized with the Yoast SEO plugin v27.3 - https:\/\/yoast.com\/product\/yoast-seo-wordpress\/ -->\n<title>Lichterfest in unseren Kinderg\u00e4rten - Leben leben Wunderland<\/title>\n<meta name=\"robots\" content=\"index, follow, max-snippet:-1, max-image-preview:large, max-video-preview:-1\" \/>\n<link rel=\"canonical\" href=\"https:\/\/lebenleben.de\/wunderland\/aktuelles\/aktuelle-beitraege\/2022\/11\/25\/lichterfest-in-unseren-kindergaerten\/\" \/>\n<meta property=\"og:locale\" content=\"de_DE\" \/>\n<meta property=\"og:type\" content=\"article\" \/>\n<meta property=\"og:title\" content=\"Lichterfest in unseren Kinderg\u00e4rten - Leben leben Wunderland\" \/>\n<meta property=\"og:description\" content=\"Nach fast zweij\u00e4hriger Pause war es Anfang November endlich so weit und die Kinder des Heilp\u00e4dagogischen und des Sprachheilkindergarten konnten gemeinsam mit ihren selbstgebastelten Laternen den Abend &#8222;beleuchten&#8220;. Von der Musiktherapeutin San auf der Guitarre begleitet, wurden kr\u00e4ftig Laternenlieder gesungen. Ein warmer Punsch und Laugengeb\u00e4ck sorgten f\u00fcr die St\u00e4rkung zwischendurch. So konnten alle Kinder bestens [&hellip;]\" \/>\n<meta property=\"og:url\" content=\"https:\/\/lebenleben.de\/wunderland\/aktuelles\/aktuelle-beitraege\/2022\/11\/25\/lichterfest-in-unseren-kindergaerten\/\" \/>\n<meta property=\"og:site_name\" content=\"Leben leben Wunderland\" \/>\n<meta property=\"article:published_time\" content=\"2022-11-25T14:49:00+00:00\" \/>\n<meta property=\"article:modified_time\" content=\"2024-05-28T09:02:05+00:00\" \/>\n<meta property=\"og:image\" content=\"https:\/\/lebenleben.de\/wunderland\/wp-content\/uploads\/sites\/9\/2022\/11\/iStock-1324896208_Laterne.jpg\" \/>\n\t<meta property=\"og:image:width\" content=\"1254\" \/>\n\t<meta property=\"og:image:height\" content=\"836\" \/>\n\t<meta property=\"og:image:type\" content=\"image\/jpeg\" \/>\n<meta name=\"author\" content=\"kleibrandt\" \/>\n<meta name=\"twitter:card\" content=\"summary_large_image\" \/>\n<meta name=\"twitter:label1\" content=\"Verfasst von\" \/>\n\t<meta name=\"twitter:data1\" content=\"kleibrandt\" \/>\n\t<meta name=\"twitter:label2\" content=\"Gesch\u00e4tzte Lesezeit\" \/>\n\t<meta name=\"twitter:data2\" content=\"1\u00a0Minute\" \/>\n<script type=\"application\/ld+json\" class=\"yoast-schema-graph\">{\"@context\":\"https:\\\/\\\/schema.org\",\"@graph\":[{\"@type\":\"Article\",\"@id\":\"https:\\\/\\\/lebenleben.de\\\/wunderland\\\/aktuelles\\\/aktuelle-beitraege\\\/2022\\\/11\\\/25\\\/lichterfest-in-unseren-kindergaerten\\\/#article\",\"isPartOf\":{\"@id\":\"https:\\\/\\\/lebenleben.de\\\/wunderland\\\/aktuelles\\\/aktuelle-beitraege\\\/2022\\\/11\\\/25\\\/lichterfest-in-unseren-kindergaerten\\\/\"},\"author\":{\"name\":\"kleibrandt\",\"@id\":\"https:\\\/\\\/lebenleben.de\\\/wunderland\\\/#\\\/schema\\\/person\\\/7456fc93046cd40a4cdfcb81f5d024a1\"},\"headline\":\"Lichterfest in unseren Kinderg\u00e4rten\",\"datePublished\":\"2022-11-25T14:49:00+00:00\",\"dateModified\":\"2024-05-28T09:02:05+00:00\",\"mainEntityOfPage\":{\"@id\":\"https:\\\/\\\/lebenleben.de\\\/wunderland\\\/aktuelles\\\/aktuelle-beitraege\\\/2022\\\/11\\\/25\\\/lichterfest-in-unseren-kindergaerten\\\/\"},\"wordCount\":99,\"publisher\":{\"@id\":\"https:\\\/\\\/lebenleben.de\\\/wunderland\\\/#organization\"},\"image\":{\"@id\":\"https:\\\/\\\/lebenleben.de\\\/wunderland\\\/aktuelles\\\/aktuelle-beitraege\\\/2022\\\/11\\\/25\\\/lichterfest-in-unseren-kindergaerten\\\/#primaryimage\"},\"thumbnailUrl\":\"https:\\\/\\\/lebenleben.de\\\/wunderland\\\/wp-content\\\/uploads\\\/sites\\\/9\\\/2022\\\/11\\\/iStock-1324896208_Laterne.jpg\",\"inLanguage\":\"de\"},{\"@type\":\"WebPage\",\"@id\":\"https:\\\/\\\/lebenleben.de\\\/wunderland\\\/aktuelles\\\/aktuelle-beitraege\\\/2022\\\/11\\\/25\\\/lichterfest-in-unseren-kindergaerten\\\/\",\"url\":\"https:\\\/\\\/lebenleben.de\\\/wunderland\\\/aktuelles\\\/aktuelle-beitraege\\\/2022\\\/11\\\/25\\\/lichterfest-in-unseren-kindergaerten\\\/\",\"name\":\"Lichterfest in unseren Kinderg\u00e4rten - Leben leben Wunderland\",\"isPartOf\":{\"@id\":\"https:\\\/\\\/lebenleben.de\\\/wunderland\\\/#website\"},\"primaryImageOfPage\":{\"@id\":\"https:\\\/\\\/lebenleben.de\\\/wunderland\\\/aktuelles\\\/aktuelle-beitraege\\\/2022\\\/11\\\/25\\\/lichterfest-in-unseren-kindergaerten\\\/#primaryimage\"},\"image\":{\"@id\":\"https:\\\/\\\/lebenleben.de\\\/wunderland\\\/aktuelles\\\/aktuelle-beitraege\\\/2022\\\/11\\\/25\\\/lichterfest-in-unseren-kindergaerten\\\/#primaryimage\"},\"thumbnailUrl\":\"https:\\\/\\\/lebenleben.de\\\/wunderland\\\/wp-content\\\/uploads\\\/sites\\\/9\\\/2022\\\/11\\\/iStock-1324896208_Laterne.jpg\",\"datePublished\":\"2022-11-25T14:49:00+00:00\",\"dateModified\":\"2024-05-28T09:02:05+00:00\",\"breadcrumb\":{\"@id\":\"https:\\\/\\\/lebenleben.de\\\/wunderland\\\/aktuelles\\\/aktuelle-beitraege\\\/2022\\\/11\\\/25\\\/lichterfest-in-unseren-kindergaerten\\\/#breadcrumb\"},\"inLanguage\":\"de\",\"potentialAction\":[{\"@type\":\"ReadAction\",\"target\":[\"https:\\\/\\\/lebenleben.de\\\/wunderland\\\/aktuelles\\\/aktuelle-beitraege\\\/2022\\\/11\\\/25\\\/lichterfest-in-unseren-kindergaerten\\\/\"]}]},{\"@type\":\"ImageObject\",\"inLanguage\":\"de\",\"@id\":\"https:\\\/\\\/lebenleben.de\\\/wunderland\\\/aktuelles\\\/aktuelle-beitraege\\\/2022\\\/11\\\/25\\\/lichterfest-in-unseren-kindergaerten\\\/#primaryimage\",\"url\":\"https:\\\/\\\/lebenleben.de\\\/wunderland\\\/wp-content\\\/uploads\\\/sites\\\/9\\\/2022\\\/11\\\/iStock-1324896208_Laterne.jpg\",\"contentUrl\":\"https:\\\/\\\/lebenleben.de\\\/wunderland\\\/wp-content\\\/uploads\\\/sites\\\/9\\\/2022\\\/11\\\/iStock-1324896208_Laterne.jpg\",\"width\":1254,\"height\":836,\"caption\":\"Close-up of little kid girl holding selfmade lanterns with candle for St. Martin procession. Healthy toddler child happy about children and family parade in kindergarten. German tradition Martinsumzug.\"},{\"@type\":\"BreadcrumbList\",\"@id\":\"https:\\\/\\\/lebenleben.de\\\/wunderland\\\/aktuelles\\\/aktuelle-beitraege\\\/2022\\\/11\\\/25\\\/lichterfest-in-unseren-kindergaerten\\\/#breadcrumb\",\"itemListElement\":[{\"@type\":\"ListItem\",\"position\":1,\"name\":\"Startseite\",\"item\":\"https:\\\/\\\/lebenleben.de\\\/wunderland\\\/\"},{\"@type\":\"ListItem\",\"position\":2,\"name\":\"Lichterfest in unseren Kinderg\u00e4rten\"}]},{\"@type\":\"WebSite\",\"@id\":\"https:\\\/\\\/lebenleben.de\\\/wunderland\\\/#website\",\"url\":\"https:\\\/\\\/lebenleben.de\\\/wunderland\\\/\",\"name\":\"Leben leben Wunderland\",\"description\":\"Eine weitere Leben Leben Netzwerk Website\",\"publisher\":{\"@id\":\"https:\\\/\\\/lebenleben.de\\\/wunderland\\\/#organization\"},\"potentialAction\":[{\"@type\":\"SearchAction\",\"target\":{\"@type\":\"EntryPoint\",\"urlTemplate\":\"https:\\\/\\\/lebenleben.de\\\/wunderland\\\/?s={search_term_string}\"},\"query-input\":{\"@type\":\"PropertyValueSpecification\",\"valueRequired\":true,\"valueName\":\"search_term_string\"}}],\"inLanguage\":\"de\"},{\"@type\":\"Organization\",\"@id\":\"https:\\\/\\\/lebenleben.de\\\/wunderland\\\/#organization\",\"name\":\"Leben leben Wunderland\",\"url\":\"https:\\\/\\\/lebenleben.de\\\/wunderland\\\/\",\"logo\":{\"@type\":\"ImageObject\",\"inLanguage\":\"de\",\"@id\":\"https:\\\/\\\/lebenleben.de\\\/wunderland\\\/#\\\/schema\\\/logo\\\/image\\\/\",\"url\":\"https:\\\/\\\/lebenleben.de\\\/wunderland\\\/wp-content\\\/uploads\\\/sites\\\/9\\\/2021\\\/01\\\/ll_favicon-green.png\",\"contentUrl\":\"https:\\\/\\\/lebenleben.de\\\/wunderland\\\/wp-content\\\/uploads\\\/sites\\\/9\\\/2021\\\/01\\\/ll_favicon-green.png\",\"width\":501,\"height\":501,\"caption\":\"Leben leben Wunderland\"},\"image\":{\"@id\":\"https:\\\/\\\/lebenleben.de\\\/wunderland\\\/#\\\/schema\\\/logo\\\/image\\\/\"}},{\"@type\":\"Person\",\"@id\":\"https:\\\/\\\/lebenleben.de\\\/wunderland\\\/#\\\/schema\\\/person\\\/7456fc93046cd40a4cdfcb81f5d024a1\",\"name\":\"kleibrandt\",\"image\":{\"@type\":\"ImageObject\",\"inLanguage\":\"de\",\"@id\":\"https:\\\/\\\/secure.gravatar.com\\\/avatar\\\/cd4eee09296d42b7270dded4fbeab5d9546683b35a607ceca8f7ed3cd69935ea?s=96&d=mm&r=g\",\"url\":\"https:\\\/\\\/secure.gravatar.com\\\/avatar\\\/cd4eee09296d42b7270dded4fbeab5d9546683b35a607ceca8f7ed3cd69935ea?s=96&d=mm&r=g\",\"contentUrl\":\"https:\\\/\\\/secure.gravatar.com\\\/avatar\\\/cd4eee09296d42b7270dded4fbeab5d9546683b35a607ceca8f7ed3cd69935ea?s=96&d=mm&r=g\",\"caption\":\"kleibrandt\"},\"url\":\"https:\\\/\\\/lebenleben.de\\\/wunderland\\\/aktuelles\\\/aktuelle-beitraege\\\/author\\\/kleibrandt\\\/\"}]}<\/script>\n<!-- \/ Yoast SEO plugin. -->","yoast_head_json":{"title":"Lichterfest in unseren Kinderg\u00e4rten - Leben leben Wunderland","robots":{"index":"index","follow":"follow","max-snippet":"max-snippet:-1","max-image-preview":"max-image-preview:large","max-video-preview":"max-video-preview:-1"},"canonical":"https:\/\/lebenleben.de\/wunderland\/aktuelles\/aktuelle-beitraege\/2022\/11\/25\/lichterfest-in-unseren-kindergaerten\/","og_locale":"de_DE","og_type":"article","og_title":"Lichterfest in unseren Kinderg\u00e4rten - Leben leben Wunderland","og_description":"Nach fast zweij\u00e4hriger Pause war es Anfang November endlich so weit und die Kinder des Heilp\u00e4dagogischen und des Sprachheilkindergarten konnten gemeinsam mit ihren selbstgebastelten Laternen den Abend &#8222;beleuchten&#8220;. Von der Musiktherapeutin San auf der Guitarre begleitet, wurden kr\u00e4ftig Laternenlieder gesungen. Ein warmer Punsch und Laugengeb\u00e4ck sorgten f\u00fcr die St\u00e4rkung zwischendurch. So konnten alle Kinder bestens [&hellip;]","og_url":"https:\/\/lebenleben.de\/wunderland\/aktuelles\/aktuelle-beitraege\/2022\/11\/25\/lichterfest-in-unseren-kindergaerten\/","og_site_name":"Leben leben Wunderland","article_published_time":"2022-11-25T14:49:00+00:00","article_modified_time":"2024-05-28T09:02:05+00:00","og_image":[{"width":1254,"height":836,"url":"https:\/\/lebenleben.de\/wunderland\/wp-content\/uploads\/sites\/9\/2022\/11\/iStock-1324896208_Laterne.jpg","type":"image\/jpeg"}],"author":"kleibrandt","twitter_card":"summary_large_image","twitter_misc":{"Verfasst von":"kleibrandt","Gesch\u00e4tzte Lesezeit":"1\u00a0Minute"},"schema":{"@context":"https:\/\/schema.org","@graph":[{"@type":"Article","@id":"https:\/\/lebenleben.de\/wunderland\/aktuelles\/aktuelle-beitraege\/2022\/11\/25\/lichterfest-in-unseren-kindergaerten\/#article","isPartOf":{"@id":"https:\/\/lebenleben.de\/wunderland\/aktuelles\/aktuelle-beitraege\/2022\/11\/25\/lichterfest-in-unseren-kindergaerten\/"},"author":{"name":"kleibrandt","@id":"https:\/\/lebenleben.de\/wunderland\/#\/schema\/person\/7456fc93046cd40a4cdfcb81f5d024a1"},"headline":"Lichterfest in unseren Kinderg\u00e4rten","datePublished":"2022-11-25T14:49:00+00:00","dateModified":"2024-05-28T09:02:05+00:00","mainEntityOfPage":{"@id":"https:\/\/lebenleben.de\/wunderland\/aktuelles\/aktuelle-beitraege\/2022\/11\/25\/lichterfest-in-unseren-kindergaerten\/"},"wordCount":99,"publisher":{"@id":"https:\/\/lebenleben.de\/wunderland\/#organization"},"image":{"@id":"https:\/\/lebenleben.de\/wunderland\/aktuelles\/aktuelle-beitraege\/2022\/11\/25\/lichterfest-in-unseren-kindergaerten\/#primaryimage"},"thumbnailUrl":"https:\/\/lebenleben.de\/wunderland\/wp-content\/uploads\/sites\/9\/2022\/11\/iStock-1324896208_Laterne.jpg","inLanguage":"de"},{"@type":"WebPage","@id":"https:\/\/lebenleben.de\/wunderland\/aktuelles\/aktuelle-beitraege\/2022\/11\/25\/lichterfest-in-unseren-kindergaerten\/","url":"https:\/\/lebenleben.de\/wunderland\/aktuelles\/aktuelle-beitraege\/2022\/11\/25\/lichterfest-in-unseren-kindergaerten\/","name":"Lichterfest in unseren Kinderg\u00e4rten - Leben leben Wunderland","isPartOf":{"@id":"https:\/\/lebenleben.de\/wunderland\/#website"},"primaryImageOfPage":{"@id":"https:\/\/lebenleben.de\/wunderland\/aktuelles\/aktuelle-beitraege\/2022\/11\/25\/lichterfest-in-unseren-kindergaerten\/#primaryimage"},"image":{"@id":"https:\/\/lebenleben.de\/wunderland\/aktuelles\/aktuelle-beitraege\/2022\/11\/25\/lichterfest-in-unseren-kindergaerten\/#primaryimage"},"thumbnailUrl":"https:\/\/lebenleben.de\/wunderland\/wp-content\/uploads\/sites\/9\/2022\/11\/iStock-1324896208_Laterne.jpg","datePublished":"2022-11-25T14:49:00+00:00","dateModified":"2024-05-28T09:02:05+00:00","breadcrumb":{"@id":"https:\/\/lebenleben.de\/wunderland\/aktuelles\/aktuelle-beitraege\/2022\/11\/25\/lichterfest-in-unseren-kindergaerten\/#breadcrumb"},"inLanguage":"de","potentialAction":[{"@type":"ReadAction","target":["https:\/\/lebenleben.de\/wunderland\/aktuelles\/aktuelle-beitraege\/2022\/11\/25\/lichterfest-in-unseren-kindergaerten\/"]}]},{"@type":"ImageObject","inLanguage":"de","@id":"https:\/\/lebenleben.de\/wunderland\/aktuelles\/aktuelle-beitraege\/2022\/11\/25\/lichterfest-in-unseren-kindergaerten\/#primaryimage","url":"https:\/\/lebenleben.de\/wunderland\/wp-content\/uploads\/sites\/9\/2022\/11\/iStock-1324896208_Laterne.jpg","contentUrl":"https:\/\/lebenleben.de\/wunderland\/wp-content\/uploads\/sites\/9\/2022\/11\/iStock-1324896208_Laterne.jpg","width":1254,"height":836,"caption":"Close-up of little kid girl holding selfmade lanterns with candle for St. Martin procession. Healthy toddler child happy about children and family parade in kindergarten. German tradition Martinsumzug."},{"@type":"BreadcrumbList","@id":"https:\/\/lebenleben.de\/wunderland\/aktuelles\/aktuelle-beitraege\/2022\/11\/25\/lichterfest-in-unseren-kindergaerten\/#breadcrumb","itemListElement":[{"@type":"ListItem","position":1,"name":"Startseite","item":"https:\/\/lebenleben.de\/wunderland\/"},{"@type":"ListItem","position":2,"name":"Lichterfest in unseren Kinderg\u00e4rten"}]},{"@type":"WebSite","@id":"https:\/\/lebenleben.de\/wunderland\/#website","url":"https:\/\/lebenleben.de\/wunderland\/","name":"Leben leben Wunderland","description":"Eine weitere Leben Leben Netzwerk Website","publisher":{"@id":"https:\/\/lebenleben.de\/wunderland\/#organization"},"potentialAction":[{"@type":"SearchAction","target":{"@type":"EntryPoint","urlTemplate":"https:\/\/lebenleben.de\/wunderland\/?s={search_term_string}"},"query-input":{"@type":"PropertyValueSpecification","valueRequired":true,"valueName":"search_term_string"}}],"inLanguage":"de"},{"@type":"Organization","@id":"https:\/\/lebenleben.de\/wunderland\/#organization","name":"Leben leben Wunderland","url":"https:\/\/lebenleben.de\/wunderland\/","logo":{"@type":"ImageObject","inLanguage":"de","@id":"https:\/\/lebenleben.de\/wunderland\/#\/schema\/logo\/image\/","url":"https:\/\/lebenleben.de\/wunderland\/wp-content\/uploads\/sites\/9\/2021\/01\/ll_favicon-green.png","contentUrl":"https:\/\/lebenleben.de\/wunderland\/wp-content\/uploads\/sites\/9\/2021\/01\/ll_favicon-green.png","width":501,"height":501,"caption":"Leben leben Wunderland"},"image":{"@id":"https:\/\/lebenleben.de\/wunderland\/#\/schema\/logo\/image\/"}},{"@type":"Person","@id":"https:\/\/lebenleben.de\/wunderland\/#\/schema\/person\/7456fc93046cd40a4cdfcb81f5d024a1","name":"kleibrandt","image":{"@type":"ImageObject","inLanguage":"de","@id":"https:\/\/secure.gravatar.com\/avatar\/cd4eee09296d42b7270dded4fbeab5d9546683b35a607ceca8f7ed3cd69935ea?s=96&d=mm&r=g","url":"https:\/\/secure.gravatar.com\/avatar\/cd4eee09296d42b7270dded4fbeab5d9546683b35a607ceca8f7ed3cd69935ea?s=96&d=mm&r=g","contentUrl":"https:\/\/secure.gravatar.com\/avatar\/cd4eee09296d42b7270dded4fbeab5d9546683b35a607ceca8f7ed3cd69935ea?s=96&d=mm&r=g","caption":"kleibrandt"},"url":"https:\/\/lebenleben.de\/wunderland\/aktuelles\/aktuelle-beitraege\/author\/kleibrandt\/"}]}},"_links":{"self":[{"href":"https:\/\/lebenleben.de\/wunderland\/wp-json\/wp\/v2\/posts\/14166","targetHints":{"allow":["GET"]}}],"collection":[{"href":"https:\/\/lebenleben.de\/wunderland\/wp-json\/wp\/v2\/posts"}],"about":[{"href":"https:\/\/lebenleben.de\/wunderland\/wp-json\/wp\/v2\/types\/post"}],"author":[{"embeddable":true,"href":"https:\/\/lebenleben.de\/wunderland\/wp-json\/wp\/v2\/users\/4"}],"replies":[{"embeddable":true,"href":"https:\/\/lebenleben.de\/wunderland\/wp-json\/wp\/v2\/comments?post=14166"}],"version-history":[{"count":4,"href":"https:\/\/lebenleben.de\/wunderland\/wp-json\/wp\/v2\/posts\/14166\/revisions"}],"predecessor-version":[{"id":14423,"href":"https:\/\/lebenleben.de\/wunderland\/wp-json\/wp\/v2\/posts\/14166\/revisions\/14423"}],"wp:featuredmedia":[{"embeddable":true,"href":"https:\/\/lebenleben.de\/wunderland\/wp-json\/wp\/v2\/media\/14170"}],"wp:attachment":[{"href":"https:\/\/lebenleben.de\/wunderland\/wp-json\/wp\/v2\/media?parent=14166"}],"wp:term":[{"taxonomy":"category","embeddable":true,"href":"https:\/\/lebenleben.de\/wunderland\/wp-json\/wp\/v2\/categories?post=14166"},{"taxonomy":"post_tag","embeddable":true,"href":"https:\/\/lebenleben.de\/wunderland\/wp-json\/wp\/v2\/tags?post=14166"}],"curies":[{"name":"wp","href":"https:\/\/api.w.org\/{rel}","templated":true}]}}