{"id":14575,"date":"2025-04-03T11:20:42","date_gmt":"2025-04-03T09:20:42","guid":{"rendered":"https:\/\/lebenleben.de\/wunderland\/?p=14575"},"modified":"2025-04-03T11:20:44","modified_gmt":"2025-04-03T09:20:44","slug":"fruehjahrsputzaktion-2025","status":"publish","type":"post","link":"https:\/\/lebenleben.de\/wunderland\/aktuelles\/aktuelle-beitraege\/2025\/04\/03\/fruehjahrsputzaktion-2025\/","title":{"rendered":"Fr\u00fchjahrsputzaktion 2025"},"content":{"rendered":"\n<p>Alle Jahre wieder ruft die Stadt Uelzen Vereine, Verb\u00e4nde, Schulen, Kinderg\u00e4rten und private Initiativen zu einer Fr\u00fchjahrsputzaktion auf.&#8220; &#8222;M\u00fcll sammeln&#8220; hei\u00dft die Devise&#8230;in der Stadt, in Parkanlagen, entlang den Stra\u00dfen und Radwegen &#8230;wo auch immer. M\u00fcll findet sich bekanntlich leider \u00fcberall. In diesem Jahr haben sich die Kinder des Sprachheilkindergartens beteiligt und waren ganz flei\u00dfig. Dabei kamen sie aus dem Staunen nicht heraus &#8230;kuriose Funde, wie prallgef\u00fcllte Einkaufst\u00fcten mit abgelaufenen Lebensmitteln bis zu Unmengen an Zigarettenkippen, war alles dabei. Am Ende waren drei blaue M\u00fcllbeutel prall gef\u00fcllt! F\u00fcr die Kinder war es nicht nur eine sehr lehrreiche Aktion, sie hat neben dem Lerneffekt auch noch eine Menge Spa\u00df bereitet! Ein Dank geht auch an unsere Kolleg:innen, ohne die solche Eins\u00e4tze gar nicht m\u00f6glich w\u00e4ren! <\/p>\n\n\n\n<p><\/p>\n","protected":false},"excerpt":{"rendered":"<p>Alle Jahre wieder ruft die Stadt Uelzen Vereine, Verb\u00e4nde, Schulen, Kinderg\u00e4rten und private Initiativen zu einer Fr\u00fchjahrsputzaktion auf.&#8220; &#8222;M\u00fcll sammeln&#8220; hei\u00dft die Devise&#8230;in der Stadt, in Parkanlagen, entlang den Stra\u00dfen und Radwegen &#8230;wo auch immer. M\u00fcll findet sich bekanntlich leider \u00fcberall. In diesem Jahr haben sich die Kinder des Sprachheilkindergartens beteiligt und waren ganz flei\u00dfig. [&hellip;]<\/p>\n","protected":false},"author":4,"featured_media":14577,"comment_status":"closed","ping_status":"closed","sticky":false,"template":"","format":"standard","meta":{"_acf_changed":false,"footnotes":""},"categories":[1],"tags":[],"class_list":["post-14575","post","type-post","status-publish","format-standard","has-post-thumbnail","hentry","category-allgemein"],"acf":[],"yoast_head":"<!-- This site is optimized with the Yoast SEO plugin v27.3 - https:\/\/yoast.com\/product\/yoast-seo-wordpress\/ -->\n<title>Fr\u00fchjahrsputzaktion 2025 - Leben leben Wunderland<\/title>\n<meta name=\"robots\" content=\"index, follow, max-snippet:-1, max-image-preview:large, max-video-preview:-1\" \/>\n<link rel=\"canonical\" href=\"https:\/\/lebenleben.de\/wunderland\/aktuelles\/aktuelle-beitraege\/2025\/04\/03\/fruehjahrsputzaktion-2025\/\" \/>\n<meta property=\"og:locale\" content=\"de_DE\" \/>\n<meta property=\"og:type\" content=\"article\" \/>\n<meta property=\"og:title\" content=\"Fr\u00fchjahrsputzaktion 2025 - Leben leben Wunderland\" \/>\n<meta property=\"og:description\" content=\"Alle Jahre wieder ruft die Stadt Uelzen Vereine, Verb\u00e4nde, Schulen, Kinderg\u00e4rten und private Initiativen zu einer Fr\u00fchjahrsputzaktion auf.&#8220; &#8222;M\u00fcll sammeln&#8220; hei\u00dft die Devise&#8230;in der Stadt, in Parkanlagen, entlang den Stra\u00dfen und Radwegen &#8230;wo auch immer. M\u00fcll findet sich bekanntlich leider \u00fcberall. In diesem Jahr haben sich die Kinder des Sprachheilkindergartens beteiligt und waren ganz flei\u00dfig. [&hellip;]\" \/>\n<meta property=\"og:url\" content=\"https:\/\/lebenleben.de\/wunderland\/aktuelles\/aktuelle-beitraege\/2025\/04\/03\/fruehjahrsputzaktion-2025\/\" \/>\n<meta property=\"og:site_name\" content=\"Leben leben Wunderland\" \/>\n<meta property=\"article:published_time\" content=\"2025-04-03T09:20:42+00:00\" \/>\n<meta property=\"article:modified_time\" content=\"2025-04-03T09:20:44+00:00\" \/>\n<meta property=\"og:image\" content=\"https:\/\/lebenleben.de\/wunderland\/wp-content\/uploads\/sites\/9\/2025\/04\/Fruehjahrsputz-1_resized.jpg\" \/>\n\t<meta property=\"og:image:width\" content=\"1500\" \/>\n\t<meta property=\"og:image:height\" content=\"1125\" \/>\n\t<meta property=\"og:image:type\" content=\"image\/jpeg\" \/>\n<meta name=\"author\" content=\"kleibrandt\" \/>\n<meta name=\"twitter:card\" content=\"summary_large_image\" \/>\n<meta name=\"twitter:label1\" content=\"Verfasst von\" \/>\n\t<meta name=\"twitter:data1\" content=\"kleibrandt\" \/>\n\t<meta name=\"twitter:label2\" content=\"Gesch\u00e4tzte Lesezeit\" \/>\n\t<meta name=\"twitter:data2\" content=\"2\u00a0Minuten\" \/>\n<script type=\"application\/ld+json\" class=\"yoast-schema-graph\">{\"@context\":\"https:\\\/\\\/schema.org\",\"@graph\":[{\"@type\":\"Article\",\"@id\":\"https:\\\/\\\/lebenleben.de\\\/wunderland\\\/aktuelles\\\/aktuelle-beitraege\\\/2025\\\/04\\\/03\\\/fruehjahrsputzaktion-2025\\\/#article\",\"isPartOf\":{\"@id\":\"https:\\\/\\\/lebenleben.de\\\/wunderland\\\/aktuelles\\\/aktuelle-beitraege\\\/2025\\\/04\\\/03\\\/fruehjahrsputzaktion-2025\\\/\"},\"author\":{\"name\":\"kleibrandt\",\"@id\":\"https:\\\/\\\/lebenleben.de\\\/wunderland\\\/#\\\/schema\\\/person\\\/7456fc93046cd40a4cdfcb81f5d024a1\"},\"headline\":\"Fr\u00fchjahrsputzaktion 2025\",\"datePublished\":\"2025-04-03T09:20:42+00:00\",\"dateModified\":\"2025-04-03T09:20:44+00:00\",\"mainEntityOfPage\":{\"@id\":\"https:\\\/\\\/lebenleben.de\\\/wunderland\\\/aktuelles\\\/aktuelle-beitraege\\\/2025\\\/04\\\/03\\\/fruehjahrsputzaktion-2025\\\/\"},\"wordCount\":144,\"publisher\":{\"@id\":\"https:\\\/\\\/lebenleben.de\\\/wunderland\\\/#organization\"},\"image\":{\"@id\":\"https:\\\/\\\/lebenleben.de\\\/wunderland\\\/aktuelles\\\/aktuelle-beitraege\\\/2025\\\/04\\\/03\\\/fruehjahrsputzaktion-2025\\\/#primaryimage\"},\"thumbnailUrl\":\"https:\\\/\\\/lebenleben.de\\\/wunderland\\\/wp-content\\\/uploads\\\/sites\\\/9\\\/2025\\\/04\\\/Fruehjahrsputz-1_resized.jpg\",\"inLanguage\":\"de\"},{\"@type\":\"WebPage\",\"@id\":\"https:\\\/\\\/lebenleben.de\\\/wunderland\\\/aktuelles\\\/aktuelle-beitraege\\\/2025\\\/04\\\/03\\\/fruehjahrsputzaktion-2025\\\/\",\"url\":\"https:\\\/\\\/lebenleben.de\\\/wunderland\\\/aktuelles\\\/aktuelle-beitraege\\\/2025\\\/04\\\/03\\\/fruehjahrsputzaktion-2025\\\/\",\"name\":\"Fr\u00fchjahrsputzaktion 2025 - Leben leben Wunderland\",\"isPartOf\":{\"@id\":\"https:\\\/\\\/lebenleben.de\\\/wunderland\\\/#website\"},\"primaryImageOfPage\":{\"@id\":\"https:\\\/\\\/lebenleben.de\\\/wunderland\\\/aktuelles\\\/aktuelle-beitraege\\\/2025\\\/04\\\/03\\\/fruehjahrsputzaktion-2025\\\/#primaryimage\"},\"image\":{\"@id\":\"https:\\\/\\\/lebenleben.de\\\/wunderland\\\/aktuelles\\\/aktuelle-beitraege\\\/2025\\\/04\\\/03\\\/fruehjahrsputzaktion-2025\\\/#primaryimage\"},\"thumbnailUrl\":\"https:\\\/\\\/lebenleben.de\\\/wunderland\\\/wp-content\\\/uploads\\\/sites\\\/9\\\/2025\\\/04\\\/Fruehjahrsputz-1_resized.jpg\",\"datePublished\":\"2025-04-03T09:20:42+00:00\",\"dateModified\":\"2025-04-03T09:20:44+00:00\",\"breadcrumb\":{\"@id\":\"https:\\\/\\\/lebenleben.de\\\/wunderland\\\/aktuelles\\\/aktuelle-beitraege\\\/2025\\\/04\\\/03\\\/fruehjahrsputzaktion-2025\\\/#breadcrumb\"},\"inLanguage\":\"de\",\"potentialAction\":[{\"@type\":\"ReadAction\",\"target\":[\"https:\\\/\\\/lebenleben.de\\\/wunderland\\\/aktuelles\\\/aktuelle-beitraege\\\/2025\\\/04\\\/03\\\/fruehjahrsputzaktion-2025\\\/\"]}]},{\"@type\":\"ImageObject\",\"inLanguage\":\"de\",\"@id\":\"https:\\\/\\\/lebenleben.de\\\/wunderland\\\/aktuelles\\\/aktuelle-beitraege\\\/2025\\\/04\\\/03\\\/fruehjahrsputzaktion-2025\\\/#primaryimage\",\"url\":\"https:\\\/\\\/lebenleben.de\\\/wunderland\\\/wp-content\\\/uploads\\\/sites\\\/9\\\/2025\\\/04\\\/Fruehjahrsputz-1_resized.jpg\",\"contentUrl\":\"https:\\\/\\\/lebenleben.de\\\/wunderland\\\/wp-content\\\/uploads\\\/sites\\\/9\\\/2025\\\/04\\\/Fruehjahrsputz-1_resized.jpg\",\"width\":1500,\"height\":1125},{\"@type\":\"BreadcrumbList\",\"@id\":\"https:\\\/\\\/lebenleben.de\\\/wunderland\\\/aktuelles\\\/aktuelle-beitraege\\\/2025\\\/04\\\/03\\\/fruehjahrsputzaktion-2025\\\/#breadcrumb\",\"itemListElement\":[{\"@type\":\"ListItem\",\"position\":1,\"name\":\"Startseite\",\"item\":\"https:\\\/\\\/lebenleben.de\\\/wunderland\\\/\"},{\"@type\":\"ListItem\",\"position\":2,\"name\":\"Fr\u00fchjahrsputzaktion 2025\"}]},{\"@type\":\"WebSite\",\"@id\":\"https:\\\/\\\/lebenleben.de\\\/wunderland\\\/#website\",\"url\":\"https:\\\/\\\/lebenleben.de\\\/wunderland\\\/\",\"name\":\"Leben leben Wunderland\",\"description\":\"Eine weitere Leben Leben Netzwerk Website\",\"publisher\":{\"@id\":\"https:\\\/\\\/lebenleben.de\\\/wunderland\\\/#organization\"},\"potentialAction\":[{\"@type\":\"SearchAction\",\"target\":{\"@type\":\"EntryPoint\",\"urlTemplate\":\"https:\\\/\\\/lebenleben.de\\\/wunderland\\\/?s={search_term_string}\"},\"query-input\":{\"@type\":\"PropertyValueSpecification\",\"valueRequired\":true,\"valueName\":\"search_term_string\"}}],\"inLanguage\":\"de\"},{\"@type\":\"Organization\",\"@id\":\"https:\\\/\\\/lebenleben.de\\\/wunderland\\\/#organization\",\"name\":\"Leben leben Wunderland\",\"url\":\"https:\\\/\\\/lebenleben.de\\\/wunderland\\\/\",\"logo\":{\"@type\":\"ImageObject\",\"inLanguage\":\"de\",\"@id\":\"https:\\\/\\\/lebenleben.de\\\/wunderland\\\/#\\\/schema\\\/logo\\\/image\\\/\",\"url\":\"https:\\\/\\\/lebenleben.de\\\/wunderland\\\/wp-content\\\/uploads\\\/sites\\\/9\\\/2021\\\/01\\\/ll_favicon-green.png\",\"contentUrl\":\"https:\\\/\\\/lebenleben.de\\\/wunderland\\\/wp-content\\\/uploads\\\/sites\\\/9\\\/2021\\\/01\\\/ll_favicon-green.png\",\"width\":501,\"height\":501,\"caption\":\"Leben leben Wunderland\"},\"image\":{\"@id\":\"https:\\\/\\\/lebenleben.de\\\/wunderland\\\/#\\\/schema\\\/logo\\\/image\\\/\"}},{\"@type\":\"Person\",\"@id\":\"https:\\\/\\\/lebenleben.de\\\/wunderland\\\/#\\\/schema\\\/person\\\/7456fc93046cd40a4cdfcb81f5d024a1\",\"name\":\"kleibrandt\",\"image\":{\"@type\":\"ImageObject\",\"inLanguage\":\"de\",\"@id\":\"https:\\\/\\\/secure.gravatar.com\\\/avatar\\\/cd4eee09296d42b7270dded4fbeab5d9546683b35a607ceca8f7ed3cd69935ea?s=96&d=mm&r=g\",\"url\":\"https:\\\/\\\/secure.gravatar.com\\\/avatar\\\/cd4eee09296d42b7270dded4fbeab5d9546683b35a607ceca8f7ed3cd69935ea?s=96&d=mm&r=g\",\"contentUrl\":\"https:\\\/\\\/secure.gravatar.com\\\/avatar\\\/cd4eee09296d42b7270dded4fbeab5d9546683b35a607ceca8f7ed3cd69935ea?s=96&d=mm&r=g\",\"caption\":\"kleibrandt\"},\"url\":\"https:\\\/\\\/lebenleben.de\\\/wunderland\\\/aktuelles\\\/aktuelle-beitraege\\\/author\\\/kleibrandt\\\/\"}]}<\/script>\n<!-- \/ Yoast SEO plugin. -->","yoast_head_json":{"title":"Fr\u00fchjahrsputzaktion 2025 - Leben leben Wunderland","robots":{"index":"index","follow":"follow","max-snippet":"max-snippet:-1","max-image-preview":"max-image-preview:large","max-video-preview":"max-video-preview:-1"},"canonical":"https:\/\/lebenleben.de\/wunderland\/aktuelles\/aktuelle-beitraege\/2025\/04\/03\/fruehjahrsputzaktion-2025\/","og_locale":"de_DE","og_type":"article","og_title":"Fr\u00fchjahrsputzaktion 2025 - Leben leben Wunderland","og_description":"Alle Jahre wieder ruft die Stadt Uelzen Vereine, Verb\u00e4nde, Schulen, Kinderg\u00e4rten und private Initiativen zu einer Fr\u00fchjahrsputzaktion auf.&#8220; &#8222;M\u00fcll sammeln&#8220; hei\u00dft die Devise&#8230;in der Stadt, in Parkanlagen, entlang den Stra\u00dfen und Radwegen &#8230;wo auch immer. M\u00fcll findet sich bekanntlich leider \u00fcberall. In diesem Jahr haben sich die Kinder des Sprachheilkindergartens beteiligt und waren ganz flei\u00dfig. [&hellip;]","og_url":"https:\/\/lebenleben.de\/wunderland\/aktuelles\/aktuelle-beitraege\/2025\/04\/03\/fruehjahrsputzaktion-2025\/","og_site_name":"Leben leben Wunderland","article_published_time":"2025-04-03T09:20:42+00:00","article_modified_time":"2025-04-03T09:20:44+00:00","og_image":[{"width":1500,"height":1125,"url":"https:\/\/lebenleben.de\/wunderland\/wp-content\/uploads\/sites\/9\/2025\/04\/Fruehjahrsputz-1_resized.jpg","type":"image\/jpeg"}],"author":"kleibrandt","twitter_card":"summary_large_image","twitter_misc":{"Verfasst von":"kleibrandt","Gesch\u00e4tzte Lesezeit":"2\u00a0Minuten"},"schema":{"@context":"https:\/\/schema.org","@graph":[{"@type":"Article","@id":"https:\/\/lebenleben.de\/wunderland\/aktuelles\/aktuelle-beitraege\/2025\/04\/03\/fruehjahrsputzaktion-2025\/#article","isPartOf":{"@id":"https:\/\/lebenleben.de\/wunderland\/aktuelles\/aktuelle-beitraege\/2025\/04\/03\/fruehjahrsputzaktion-2025\/"},"author":{"name":"kleibrandt","@id":"https:\/\/lebenleben.de\/wunderland\/#\/schema\/person\/7456fc93046cd40a4cdfcb81f5d024a1"},"headline":"Fr\u00fchjahrsputzaktion 2025","datePublished":"2025-04-03T09:20:42+00:00","dateModified":"2025-04-03T09:20:44+00:00","mainEntityOfPage":{"@id":"https:\/\/lebenleben.de\/wunderland\/aktuelles\/aktuelle-beitraege\/2025\/04\/03\/fruehjahrsputzaktion-2025\/"},"wordCount":144,"publisher":{"@id":"https:\/\/lebenleben.de\/wunderland\/#organization"},"image":{"@id":"https:\/\/lebenleben.de\/wunderland\/aktuelles\/aktuelle-beitraege\/2025\/04\/03\/fruehjahrsputzaktion-2025\/#primaryimage"},"thumbnailUrl":"https:\/\/lebenleben.de\/wunderland\/wp-content\/uploads\/sites\/9\/2025\/04\/Fruehjahrsputz-1_resized.jpg","inLanguage":"de"},{"@type":"WebPage","@id":"https:\/\/lebenleben.de\/wunderland\/aktuelles\/aktuelle-beitraege\/2025\/04\/03\/fruehjahrsputzaktion-2025\/","url":"https:\/\/lebenleben.de\/wunderland\/aktuelles\/aktuelle-beitraege\/2025\/04\/03\/fruehjahrsputzaktion-2025\/","name":"Fr\u00fchjahrsputzaktion 2025 - Leben leben Wunderland","isPartOf":{"@id":"https:\/\/lebenleben.de\/wunderland\/#website"},"primaryImageOfPage":{"@id":"https:\/\/lebenleben.de\/wunderland\/aktuelles\/aktuelle-beitraege\/2025\/04\/03\/fruehjahrsputzaktion-2025\/#primaryimage"},"image":{"@id":"https:\/\/lebenleben.de\/wunderland\/aktuelles\/aktuelle-beitraege\/2025\/04\/03\/fruehjahrsputzaktion-2025\/#primaryimage"},"thumbnailUrl":"https:\/\/lebenleben.de\/wunderland\/wp-content\/uploads\/sites\/9\/2025\/04\/Fruehjahrsputz-1_resized.jpg","datePublished":"2025-04-03T09:20:42+00:00","dateModified":"2025-04-03T09:20:44+00:00","breadcrumb":{"@id":"https:\/\/lebenleben.de\/wunderland\/aktuelles\/aktuelle-beitraege\/2025\/04\/03\/fruehjahrsputzaktion-2025\/#breadcrumb"},"inLanguage":"de","potentialAction":[{"@type":"ReadAction","target":["https:\/\/lebenleben.de\/wunderland\/aktuelles\/aktuelle-beitraege\/2025\/04\/03\/fruehjahrsputzaktion-2025\/"]}]},{"@type":"ImageObject","inLanguage":"de","@id":"https:\/\/lebenleben.de\/wunderland\/aktuelles\/aktuelle-beitraege\/2025\/04\/03\/fruehjahrsputzaktion-2025\/#primaryimage","url":"https:\/\/lebenleben.de\/wunderland\/wp-content\/uploads\/sites\/9\/2025\/04\/Fruehjahrsputz-1_resized.jpg","contentUrl":"https:\/\/lebenleben.de\/wunderland\/wp-content\/uploads\/sites\/9\/2025\/04\/Fruehjahrsputz-1_resized.jpg","width":1500,"height":1125},{"@type":"BreadcrumbList","@id":"https:\/\/lebenleben.de\/wunderland\/aktuelles\/aktuelle-beitraege\/2025\/04\/03\/fruehjahrsputzaktion-2025\/#breadcrumb","itemListElement":[{"@type":"ListItem","position":1,"name":"Startseite","item":"https:\/\/lebenleben.de\/wunderland\/"},{"@type":"ListItem","position":2,"name":"Fr\u00fchjahrsputzaktion 2025"}]},{"@type":"WebSite","@id":"https:\/\/lebenleben.de\/wunderland\/#website","url":"https:\/\/lebenleben.de\/wunderland\/","name":"Leben leben Wunderland","description":"Eine weitere Leben Leben Netzwerk Website","publisher":{"@id":"https:\/\/lebenleben.de\/wunderland\/#organization"},"potentialAction":[{"@type":"SearchAction","target":{"@type":"EntryPoint","urlTemplate":"https:\/\/lebenleben.de\/wunderland\/?s={search_term_string}"},"query-input":{"@type":"PropertyValueSpecification","valueRequired":true,"valueName":"search_term_string"}}],"inLanguage":"de"},{"@type":"Organization","@id":"https:\/\/lebenleben.de\/wunderland\/#organization","name":"Leben leben Wunderland","url":"https:\/\/lebenleben.de\/wunderland\/","logo":{"@type":"ImageObject","inLanguage":"de","@id":"https:\/\/lebenleben.de\/wunderland\/#\/schema\/logo\/image\/","url":"https:\/\/lebenleben.de\/wunderland\/wp-content\/uploads\/sites\/9\/2021\/01\/ll_favicon-green.png","contentUrl":"https:\/\/lebenleben.de\/wunderland\/wp-content\/uploads\/sites\/9\/2021\/01\/ll_favicon-green.png","width":501,"height":501,"caption":"Leben leben Wunderland"},"image":{"@id":"https:\/\/lebenleben.de\/wunderland\/#\/schema\/logo\/image\/"}},{"@type":"Person","@id":"https:\/\/lebenleben.de\/wunderland\/#\/schema\/person\/7456fc93046cd40a4cdfcb81f5d024a1","name":"kleibrandt","image":{"@type":"ImageObject","inLanguage":"de","@id":"https:\/\/secure.gravatar.com\/avatar\/cd4eee09296d42b7270dded4fbeab5d9546683b35a607ceca8f7ed3cd69935ea?s=96&d=mm&r=g","url":"https:\/\/secure.gravatar.com\/avatar\/cd4eee09296d42b7270dded4fbeab5d9546683b35a607ceca8f7ed3cd69935ea?s=96&d=mm&r=g","contentUrl":"https:\/\/secure.gravatar.com\/avatar\/cd4eee09296d42b7270dded4fbeab5d9546683b35a607ceca8f7ed3cd69935ea?s=96&d=mm&r=g","caption":"kleibrandt"},"url":"https:\/\/lebenleben.de\/wunderland\/aktuelles\/aktuelle-beitraege\/author\/kleibrandt\/"}]}},"_links":{"self":[{"href":"https:\/\/lebenleben.de\/wunderland\/wp-json\/wp\/v2\/posts\/14575","targetHints":{"allow":["GET"]}}],"collection":[{"href":"https:\/\/lebenleben.de\/wunderland\/wp-json\/wp\/v2\/posts"}],"about":[{"href":"https:\/\/lebenleben.de\/wunderland\/wp-json\/wp\/v2\/types\/post"}],"author":[{"embeddable":true,"href":"https:\/\/lebenleben.de\/wunderland\/wp-json\/wp\/v2\/users\/4"}],"replies":[{"embeddable":true,"href":"https:\/\/lebenleben.de\/wunderland\/wp-json\/wp\/v2\/comments?post=14575"}],"version-history":[{"count":1,"href":"https:\/\/lebenleben.de\/wunderland\/wp-json\/wp\/v2\/posts\/14575\/revisions"}],"predecessor-version":[{"id":14578,"href":"https:\/\/lebenleben.de\/wunderland\/wp-json\/wp\/v2\/posts\/14575\/revisions\/14578"}],"wp:featuredmedia":[{"embeddable":true,"href":"https:\/\/lebenleben.de\/wunderland\/wp-json\/wp\/v2\/media\/14577"}],"wp:attachment":[{"href":"https:\/\/lebenleben.de\/wunderland\/wp-json\/wp\/v2\/media?parent=14575"}],"wp:term":[{"taxonomy":"category","embeddable":true,"href":"https:\/\/lebenleben.de\/wunderland\/wp-json\/wp\/v2\/categories?post=14575"},{"taxonomy":"post_tag","embeddable":true,"href":"https:\/\/lebenleben.de\/wunderland\/wp-json\/wp\/v2\/tags?post=14575"}],"curies":[{"name":"wp","href":"https:\/\/api.w.org\/{rel}","templated":true}]}}