{"id":5807,"date":"2015-02-17T13:41:58","date_gmt":"2015-02-17T11:41:58","guid":{"rendered":"http:\/\/lebenleben.de\/?post_type=aktuelles&#038;p=5807"},"modified":"2024-05-28T10:59:16","modified_gmt":"2024-05-28T08:59:16","slug":"tag-der-offenen-tuer","status":"publish","type":"post","link":"https:\/\/lebenleben.de\/wunderland\/aktuelles\/aktuelle-beitraege\/2015\/02\/17\/tag-der-offenen-tuer\/","title":{"rendered":"Tag der offenen T\u00fcr"},"content":{"rendered":"<p>Anfang Februar 2015 luden der Heilp\u00e4dagogische und der Sprachheilkindergarten in der Von-Estorff-Stra\u00dfe in Uelzen zu einem <em>Tag der offenen T\u00fcr<\/em> ein.<\/p>\n<p>Im Hinblick auf das bevorstehende neue Kindergartenjahr und damit verbundener wichtiger Entscheidungen vieler Eltern, war es den Teams der Kindergarten wichtig,\u00a0 einen Einblick in die Arbeit und die M\u00f6glichkeiten der Kinderg\u00e4rten zu gew\u00e4hren. Auch Kollegen aus anderen Regelkinderg\u00e4rten waren herzlich eingeladen, sich \u00fcber die F\u00f6rderkonzepte zu informieren.<\/p>\n<p>Sie m\u00f6chten mehr erfahren? Gern beantworten wir Ihnen Ihre Fragen! Sie erreichen uns von Montag bis Freitag ab 7.30 Uhr, Telefon 0581 97166-70.<\/p>\n","protected":false},"excerpt":{"rendered":"<p>Anfang Februar 2015 luden der Heilp\u00e4dagogische und der Sprachheilkindergarten in der Von-Estorff-Stra\u00dfe in Uelzen zu einem Tag der offenen T\u00fcr ein. Im Hinblick auf das bevorstehende neue Kindergartenjahr und damit verbundener wichtiger Entscheidungen vieler Eltern, war es den Teams der Kindergarten wichtig,\u00a0 einen Einblick in die Arbeit und die M\u00f6glichkeiten der Kinderg\u00e4rten zu gew\u00e4hren. Auch [&hellip;]<\/p>\n","protected":false},"author":1,"featured_media":164,"comment_status":"closed","ping_status":"closed","sticky":false,"template":"","format":"standard","meta":{"_acf_changed":false,"footnotes":""},"categories":[7],"tags":[],"class_list":["post-5807","post","type-post","status-publish","format-standard","has-post-thumbnail","hentry","category-wunderland"],"acf":[],"yoast_head":"<!-- This site is optimized with the Yoast SEO plugin v27.3 - https:\/\/yoast.com\/product\/yoast-seo-wordpress\/ -->\n<title>Tag der offenen T\u00fcr - Leben leben Wunderland<\/title>\n<meta name=\"robots\" content=\"index, follow, max-snippet:-1, max-image-preview:large, max-video-preview:-1\" \/>\n<link rel=\"canonical\" href=\"https:\/\/lebenleben.de\/wunderland\/aktuelles\/aktuelle-beitraege\/2015\/02\/17\/tag-der-offenen-tuer\/\" \/>\n<meta property=\"og:locale\" content=\"de_DE\" \/>\n<meta property=\"og:type\" content=\"article\" \/>\n<meta property=\"og:title\" content=\"Tag der offenen T\u00fcr - Leben leben Wunderland\" \/>\n<meta property=\"og:description\" content=\"Anfang Februar 2015 luden der Heilp\u00e4dagogische und der Sprachheilkindergarten in der Von-Estorff-Stra\u00dfe in Uelzen zu einem Tag der offenen T\u00fcr ein. Im Hinblick auf das bevorstehende neue Kindergartenjahr und damit verbundener wichtiger Entscheidungen vieler Eltern, war es den Teams der Kindergarten wichtig,\u00a0 einen Einblick in die Arbeit und die M\u00f6glichkeiten der Kinderg\u00e4rten zu gew\u00e4hren. Auch [&hellip;]\" \/>\n<meta property=\"og:url\" content=\"https:\/\/lebenleben.de\/wunderland\/aktuelles\/aktuelle-beitraege\/2015\/02\/17\/tag-der-offenen-tuer\/\" \/>\n<meta property=\"og:site_name\" content=\"Leben leben Wunderland\" \/>\n<meta property=\"article:published_time\" content=\"2015-02-17T11:41:58+00:00\" \/>\n<meta property=\"article:modified_time\" content=\"2024-05-28T08:59:16+00:00\" \/>\n<meta property=\"og:image\" content=\"https:\/\/lebenleben.de\/wunderland\/wp-content\/uploads\/sites\/9\/2021\/04\/ll_header_slider_image_1400x560_0005_Krippe_Wunderland.jpg\" \/>\n\t<meta property=\"og:image:width\" content=\"1400\" \/>\n\t<meta property=\"og:image:height\" content=\"560\" \/>\n\t<meta property=\"og:image:type\" content=\"image\/jpeg\" \/>\n<meta name=\"author\" content=\"bjoern\" \/>\n<meta name=\"twitter:card\" content=\"summary_large_image\" \/>\n<meta name=\"twitter:label1\" content=\"Verfasst von\" \/>\n\t<meta name=\"twitter:data1\" content=\"bjoern\" \/>\n\t<meta name=\"twitter:label2\" content=\"Gesch\u00e4tzte Lesezeit\" \/>\n\t<meta name=\"twitter:data2\" content=\"1\u00a0Minute\" \/>\n<script type=\"application\/ld+json\" class=\"yoast-schema-graph\">{\"@context\":\"https:\\\/\\\/schema.org\",\"@graph\":[{\"@type\":\"Article\",\"@id\":\"https:\\\/\\\/lebenleben.de\\\/wunderland\\\/aktuelles\\\/aktuelle-beitraege\\\/2015\\\/02\\\/17\\\/tag-der-offenen-tuer\\\/#article\",\"isPartOf\":{\"@id\":\"https:\\\/\\\/lebenleben.de\\\/wunderland\\\/aktuelles\\\/aktuelle-beitraege\\\/2015\\\/02\\\/17\\\/tag-der-offenen-tuer\\\/\"},\"author\":{\"name\":\"bjoern\",\"@id\":\"https:\\\/\\\/lebenleben.de\\\/wunderland\\\/#\\\/schema\\\/person\\\/d696b7f009e8fbbb086099ce8650d2d1\"},\"headline\":\"Tag der offenen T\u00fcr\",\"datePublished\":\"2015-02-17T11:41:58+00:00\",\"dateModified\":\"2024-05-28T08:59:16+00:00\",\"mainEntityOfPage\":{\"@id\":\"https:\\\/\\\/lebenleben.de\\\/wunderland\\\/aktuelles\\\/aktuelle-beitraege\\\/2015\\\/02\\\/17\\\/tag-der-offenen-tuer\\\/\"},\"wordCount\":102,\"publisher\":{\"@id\":\"https:\\\/\\\/lebenleben.de\\\/wunderland\\\/#organization\"},\"image\":{\"@id\":\"https:\\\/\\\/lebenleben.de\\\/wunderland\\\/aktuelles\\\/aktuelle-beitraege\\\/2015\\\/02\\\/17\\\/tag-der-offenen-tuer\\\/#primaryimage\"},\"thumbnailUrl\":\"https:\\\/\\\/lebenleben.de\\\/wunderland\\\/wp-content\\\/uploads\\\/sites\\\/9\\\/2021\\\/04\\\/ll_header_slider_image_1400x560_0005_Krippe_Wunderland.jpg\",\"articleSection\":[\"Wunderland\"],\"inLanguage\":\"de\"},{\"@type\":\"WebPage\",\"@id\":\"https:\\\/\\\/lebenleben.de\\\/wunderland\\\/aktuelles\\\/aktuelle-beitraege\\\/2015\\\/02\\\/17\\\/tag-der-offenen-tuer\\\/\",\"url\":\"https:\\\/\\\/lebenleben.de\\\/wunderland\\\/aktuelles\\\/aktuelle-beitraege\\\/2015\\\/02\\\/17\\\/tag-der-offenen-tuer\\\/\",\"name\":\"Tag der offenen T\u00fcr - Leben leben Wunderland\",\"isPartOf\":{\"@id\":\"https:\\\/\\\/lebenleben.de\\\/wunderland\\\/#website\"},\"primaryImageOfPage\":{\"@id\":\"https:\\\/\\\/lebenleben.de\\\/wunderland\\\/aktuelles\\\/aktuelle-beitraege\\\/2015\\\/02\\\/17\\\/tag-der-offenen-tuer\\\/#primaryimage\"},\"image\":{\"@id\":\"https:\\\/\\\/lebenleben.de\\\/wunderland\\\/aktuelles\\\/aktuelle-beitraege\\\/2015\\\/02\\\/17\\\/tag-der-offenen-tuer\\\/#primaryimage\"},\"thumbnailUrl\":\"https:\\\/\\\/lebenleben.de\\\/wunderland\\\/wp-content\\\/uploads\\\/sites\\\/9\\\/2021\\\/04\\\/ll_header_slider_image_1400x560_0005_Krippe_Wunderland.jpg\",\"datePublished\":\"2015-02-17T11:41:58+00:00\",\"dateModified\":\"2024-05-28T08:59:16+00:00\",\"breadcrumb\":{\"@id\":\"https:\\\/\\\/lebenleben.de\\\/wunderland\\\/aktuelles\\\/aktuelle-beitraege\\\/2015\\\/02\\\/17\\\/tag-der-offenen-tuer\\\/#breadcrumb\"},\"inLanguage\":\"de\",\"potentialAction\":[{\"@type\":\"ReadAction\",\"target\":[\"https:\\\/\\\/lebenleben.de\\\/wunderland\\\/aktuelles\\\/aktuelle-beitraege\\\/2015\\\/02\\\/17\\\/tag-der-offenen-tuer\\\/\"]}]},{\"@type\":\"ImageObject\",\"inLanguage\":\"de\",\"@id\":\"https:\\\/\\\/lebenleben.de\\\/wunderland\\\/aktuelles\\\/aktuelle-beitraege\\\/2015\\\/02\\\/17\\\/tag-der-offenen-tuer\\\/#primaryimage\",\"url\":\"https:\\\/\\\/lebenleben.de\\\/wunderland\\\/wp-content\\\/uploads\\\/sites\\\/9\\\/2021\\\/04\\\/ll_header_slider_image_1400x560_0005_Krippe_Wunderland.jpg\",\"contentUrl\":\"https:\\\/\\\/lebenleben.de\\\/wunderland\\\/wp-content\\\/uploads\\\/sites\\\/9\\\/2021\\\/04\\\/ll_header_slider_image_1400x560_0005_Krippe_Wunderland.jpg\",\"width\":1400,\"height\":560},{\"@type\":\"BreadcrumbList\",\"@id\":\"https:\\\/\\\/lebenleben.de\\\/wunderland\\\/aktuelles\\\/aktuelle-beitraege\\\/2015\\\/02\\\/17\\\/tag-der-offenen-tuer\\\/#breadcrumb\",\"itemListElement\":[{\"@type\":\"ListItem\",\"position\":1,\"name\":\"Startseite\",\"item\":\"https:\\\/\\\/lebenleben.de\\\/wunderland\\\/\"},{\"@type\":\"ListItem\",\"position\":2,\"name\":\"Tag der offenen T\u00fcr\"}]},{\"@type\":\"WebSite\",\"@id\":\"https:\\\/\\\/lebenleben.de\\\/wunderland\\\/#website\",\"url\":\"https:\\\/\\\/lebenleben.de\\\/wunderland\\\/\",\"name\":\"Leben leben Wunderland\",\"description\":\"Eine weitere Leben Leben Netzwerk Website\",\"publisher\":{\"@id\":\"https:\\\/\\\/lebenleben.de\\\/wunderland\\\/#organization\"},\"potentialAction\":[{\"@type\":\"SearchAction\",\"target\":{\"@type\":\"EntryPoint\",\"urlTemplate\":\"https:\\\/\\\/lebenleben.de\\\/wunderland\\\/?s={search_term_string}\"},\"query-input\":{\"@type\":\"PropertyValueSpecification\",\"valueRequired\":true,\"valueName\":\"search_term_string\"}}],\"inLanguage\":\"de\"},{\"@type\":\"Organization\",\"@id\":\"https:\\\/\\\/lebenleben.de\\\/wunderland\\\/#organization\",\"name\":\"Leben leben Wunderland\",\"url\":\"https:\\\/\\\/lebenleben.de\\\/wunderland\\\/\",\"logo\":{\"@type\":\"ImageObject\",\"inLanguage\":\"de\",\"@id\":\"https:\\\/\\\/lebenleben.de\\\/wunderland\\\/#\\\/schema\\\/logo\\\/image\\\/\",\"url\":\"https:\\\/\\\/lebenleben.de\\\/wunderland\\\/wp-content\\\/uploads\\\/sites\\\/9\\\/2021\\\/01\\\/ll_favicon-green.png\",\"contentUrl\":\"https:\\\/\\\/lebenleben.de\\\/wunderland\\\/wp-content\\\/uploads\\\/sites\\\/9\\\/2021\\\/01\\\/ll_favicon-green.png\",\"width\":501,\"height\":501,\"caption\":\"Leben leben Wunderland\"},\"image\":{\"@id\":\"https:\\\/\\\/lebenleben.de\\\/wunderland\\\/#\\\/schema\\\/logo\\\/image\\\/\"}},{\"@type\":\"Person\",\"@id\":\"https:\\\/\\\/lebenleben.de\\\/wunderland\\\/#\\\/schema\\\/person\\\/d696b7f009e8fbbb086099ce8650d2d1\",\"name\":\"bjoern\",\"image\":{\"@type\":\"ImageObject\",\"inLanguage\":\"de\",\"@id\":\"https:\\\/\\\/secure.gravatar.com\\\/avatar\\\/fd8af8590fa7cca19e9f8fb436dab1bb0cbcfdb6e0ec5977998b686ad1a1db00?s=96&d=mm&r=g\",\"url\":\"https:\\\/\\\/secure.gravatar.com\\\/avatar\\\/fd8af8590fa7cca19e9f8fb436dab1bb0cbcfdb6e0ec5977998b686ad1a1db00?s=96&d=mm&r=g\",\"contentUrl\":\"https:\\\/\\\/secure.gravatar.com\\\/avatar\\\/fd8af8590fa7cca19e9f8fb436dab1bb0cbcfdb6e0ec5977998b686ad1a1db00?s=96&d=mm&r=g\",\"caption\":\"bjoern\"},\"sameAs\":[\"https:\\\/\\\/lebenleben.de\"],\"url\":\"https:\\\/\\\/lebenleben.de\\\/wunderland\\\/aktuelles\\\/aktuelle-beitraege\\\/author\\\/bjoern\\\/\"}]}<\/script>\n<!-- \/ Yoast SEO plugin. -->","yoast_head_json":{"title":"Tag der offenen T\u00fcr - Leben leben Wunderland","robots":{"index":"index","follow":"follow","max-snippet":"max-snippet:-1","max-image-preview":"max-image-preview:large","max-video-preview":"max-video-preview:-1"},"canonical":"https:\/\/lebenleben.de\/wunderland\/aktuelles\/aktuelle-beitraege\/2015\/02\/17\/tag-der-offenen-tuer\/","og_locale":"de_DE","og_type":"article","og_title":"Tag der offenen T\u00fcr - Leben leben Wunderland","og_description":"Anfang Februar 2015 luden der Heilp\u00e4dagogische und der Sprachheilkindergarten in der Von-Estorff-Stra\u00dfe in Uelzen zu einem Tag der offenen T\u00fcr ein. Im Hinblick auf das bevorstehende neue Kindergartenjahr und damit verbundener wichtiger Entscheidungen vieler Eltern, war es den Teams der Kindergarten wichtig,\u00a0 einen Einblick in die Arbeit und die M\u00f6glichkeiten der Kinderg\u00e4rten zu gew\u00e4hren. Auch [&hellip;]","og_url":"https:\/\/lebenleben.de\/wunderland\/aktuelles\/aktuelle-beitraege\/2015\/02\/17\/tag-der-offenen-tuer\/","og_site_name":"Leben leben Wunderland","article_published_time":"2015-02-17T11:41:58+00:00","article_modified_time":"2024-05-28T08:59:16+00:00","og_image":[{"width":1400,"height":560,"url":"https:\/\/lebenleben.de\/wunderland\/wp-content\/uploads\/sites\/9\/2021\/04\/ll_header_slider_image_1400x560_0005_Krippe_Wunderland.jpg","type":"image\/jpeg"}],"author":"bjoern","twitter_card":"summary_large_image","twitter_misc":{"Verfasst von":"bjoern","Gesch\u00e4tzte Lesezeit":"1\u00a0Minute"},"schema":{"@context":"https:\/\/schema.org","@graph":[{"@type":"Article","@id":"https:\/\/lebenleben.de\/wunderland\/aktuelles\/aktuelle-beitraege\/2015\/02\/17\/tag-der-offenen-tuer\/#article","isPartOf":{"@id":"https:\/\/lebenleben.de\/wunderland\/aktuelles\/aktuelle-beitraege\/2015\/02\/17\/tag-der-offenen-tuer\/"},"author":{"name":"bjoern","@id":"https:\/\/lebenleben.de\/wunderland\/#\/schema\/person\/d696b7f009e8fbbb086099ce8650d2d1"},"headline":"Tag der offenen T\u00fcr","datePublished":"2015-02-17T11:41:58+00:00","dateModified":"2024-05-28T08:59:16+00:00","mainEntityOfPage":{"@id":"https:\/\/lebenleben.de\/wunderland\/aktuelles\/aktuelle-beitraege\/2015\/02\/17\/tag-der-offenen-tuer\/"},"wordCount":102,"publisher":{"@id":"https:\/\/lebenleben.de\/wunderland\/#organization"},"image":{"@id":"https:\/\/lebenleben.de\/wunderland\/aktuelles\/aktuelle-beitraege\/2015\/02\/17\/tag-der-offenen-tuer\/#primaryimage"},"thumbnailUrl":"https:\/\/lebenleben.de\/wunderland\/wp-content\/uploads\/sites\/9\/2021\/04\/ll_header_slider_image_1400x560_0005_Krippe_Wunderland.jpg","articleSection":["Wunderland"],"inLanguage":"de"},{"@type":"WebPage","@id":"https:\/\/lebenleben.de\/wunderland\/aktuelles\/aktuelle-beitraege\/2015\/02\/17\/tag-der-offenen-tuer\/","url":"https:\/\/lebenleben.de\/wunderland\/aktuelles\/aktuelle-beitraege\/2015\/02\/17\/tag-der-offenen-tuer\/","name":"Tag der offenen T\u00fcr - Leben leben Wunderland","isPartOf":{"@id":"https:\/\/lebenleben.de\/wunderland\/#website"},"primaryImageOfPage":{"@id":"https:\/\/lebenleben.de\/wunderland\/aktuelles\/aktuelle-beitraege\/2015\/02\/17\/tag-der-offenen-tuer\/#primaryimage"},"image":{"@id":"https:\/\/lebenleben.de\/wunderland\/aktuelles\/aktuelle-beitraege\/2015\/02\/17\/tag-der-offenen-tuer\/#primaryimage"},"thumbnailUrl":"https:\/\/lebenleben.de\/wunderland\/wp-content\/uploads\/sites\/9\/2021\/04\/ll_header_slider_image_1400x560_0005_Krippe_Wunderland.jpg","datePublished":"2015-02-17T11:41:58+00:00","dateModified":"2024-05-28T08:59:16+00:00","breadcrumb":{"@id":"https:\/\/lebenleben.de\/wunderland\/aktuelles\/aktuelle-beitraege\/2015\/02\/17\/tag-der-offenen-tuer\/#breadcrumb"},"inLanguage":"de","potentialAction":[{"@type":"ReadAction","target":["https:\/\/lebenleben.de\/wunderland\/aktuelles\/aktuelle-beitraege\/2015\/02\/17\/tag-der-offenen-tuer\/"]}]},{"@type":"ImageObject","inLanguage":"de","@id":"https:\/\/lebenleben.de\/wunderland\/aktuelles\/aktuelle-beitraege\/2015\/02\/17\/tag-der-offenen-tuer\/#primaryimage","url":"https:\/\/lebenleben.de\/wunderland\/wp-content\/uploads\/sites\/9\/2021\/04\/ll_header_slider_image_1400x560_0005_Krippe_Wunderland.jpg","contentUrl":"https:\/\/lebenleben.de\/wunderland\/wp-content\/uploads\/sites\/9\/2021\/04\/ll_header_slider_image_1400x560_0005_Krippe_Wunderland.jpg","width":1400,"height":560},{"@type":"BreadcrumbList","@id":"https:\/\/lebenleben.de\/wunderland\/aktuelles\/aktuelle-beitraege\/2015\/02\/17\/tag-der-offenen-tuer\/#breadcrumb","itemListElement":[{"@type":"ListItem","position":1,"name":"Startseite","item":"https:\/\/lebenleben.de\/wunderland\/"},{"@type":"ListItem","position":2,"name":"Tag der offenen T\u00fcr"}]},{"@type":"WebSite","@id":"https:\/\/lebenleben.de\/wunderland\/#website","url":"https:\/\/lebenleben.de\/wunderland\/","name":"Leben leben Wunderland","description":"Eine weitere Leben Leben Netzwerk Website","publisher":{"@id":"https:\/\/lebenleben.de\/wunderland\/#organization"},"potentialAction":[{"@type":"SearchAction","target":{"@type":"EntryPoint","urlTemplate":"https:\/\/lebenleben.de\/wunderland\/?s={search_term_string}"},"query-input":{"@type":"PropertyValueSpecification","valueRequired":true,"valueName":"search_term_string"}}],"inLanguage":"de"},{"@type":"Organization","@id":"https:\/\/lebenleben.de\/wunderland\/#organization","name":"Leben leben Wunderland","url":"https:\/\/lebenleben.de\/wunderland\/","logo":{"@type":"ImageObject","inLanguage":"de","@id":"https:\/\/lebenleben.de\/wunderland\/#\/schema\/logo\/image\/","url":"https:\/\/lebenleben.de\/wunderland\/wp-content\/uploads\/sites\/9\/2021\/01\/ll_favicon-green.png","contentUrl":"https:\/\/lebenleben.de\/wunderland\/wp-content\/uploads\/sites\/9\/2021\/01\/ll_favicon-green.png","width":501,"height":501,"caption":"Leben leben Wunderland"},"image":{"@id":"https:\/\/lebenleben.de\/wunderland\/#\/schema\/logo\/image\/"}},{"@type":"Person","@id":"https:\/\/lebenleben.de\/wunderland\/#\/schema\/person\/d696b7f009e8fbbb086099ce8650d2d1","name":"bjoern","image":{"@type":"ImageObject","inLanguage":"de","@id":"https:\/\/secure.gravatar.com\/avatar\/fd8af8590fa7cca19e9f8fb436dab1bb0cbcfdb6e0ec5977998b686ad1a1db00?s=96&d=mm&r=g","url":"https:\/\/secure.gravatar.com\/avatar\/fd8af8590fa7cca19e9f8fb436dab1bb0cbcfdb6e0ec5977998b686ad1a1db00?s=96&d=mm&r=g","contentUrl":"https:\/\/secure.gravatar.com\/avatar\/fd8af8590fa7cca19e9f8fb436dab1bb0cbcfdb6e0ec5977998b686ad1a1db00?s=96&d=mm&r=g","caption":"bjoern"},"sameAs":["https:\/\/lebenleben.de"],"url":"https:\/\/lebenleben.de\/wunderland\/aktuelles\/aktuelle-beitraege\/author\/bjoern\/"}]}},"_links":{"self":[{"href":"https:\/\/lebenleben.de\/wunderland\/wp-json\/wp\/v2\/posts\/5807","targetHints":{"allow":["GET"]}}],"collection":[{"href":"https:\/\/lebenleben.de\/wunderland\/wp-json\/wp\/v2\/posts"}],"about":[{"href":"https:\/\/lebenleben.de\/wunderland\/wp-json\/wp\/v2\/types\/post"}],"author":[{"embeddable":true,"href":"https:\/\/lebenleben.de\/wunderland\/wp-json\/wp\/v2\/users\/1"}],"replies":[{"embeddable":true,"href":"https:\/\/lebenleben.de\/wunderland\/wp-json\/wp\/v2\/comments?post=5807"}],"version-history":[{"count":2,"href":"https:\/\/lebenleben.de\/wunderland\/wp-json\/wp\/v2\/posts\/5807\/revisions"}],"predecessor-version":[{"id":14411,"href":"https:\/\/lebenleben.de\/wunderland\/wp-json\/wp\/v2\/posts\/5807\/revisions\/14411"}],"wp:featuredmedia":[{"embeddable":true,"href":"https:\/\/lebenleben.de\/wunderland\/wp-json\/wp\/v2\/media\/164"}],"wp:attachment":[{"href":"https:\/\/lebenleben.de\/wunderland\/wp-json\/wp\/v2\/media?parent=5807"}],"wp:term":[{"taxonomy":"category","embeddable":true,"href":"https:\/\/lebenleben.de\/wunderland\/wp-json\/wp\/v2\/categories?post=5807"},{"taxonomy":"post_tag","embeddable":true,"href":"https:\/\/lebenleben.de\/wunderland\/wp-json\/wp\/v2\/tags?post=5807"}],"curies":[{"name":"wp","href":"https:\/\/api.w.org\/{rel}","templated":true}]}}