{"id":6286,"date":"2015-07-30T12:03:40","date_gmt":"2015-07-30T10:03:40","guid":{"rendered":"http:\/\/lebenleben.de\/?post_type=aktuelles&#038;p=6286"},"modified":"2024-05-28T11:00:29","modified_gmt":"2024-05-28T09:00:29","slug":"start-in-die-sommerferien","status":"publish","type":"post","link":"https:\/\/lebenleben.de\/wunderland\/aktuelles\/aktuelle-beitraege\/2015\/07\/30\/start-in-die-sommerferien\/","title":{"rendered":"Start in die Sommerferien"},"content":{"rendered":"<p>Am 22.7.2015 war es endlich soweit! Auf dem Gel\u00e4nde des Kinder- und Jugendbereiches in der von-Estorff-Str. in Uelzen durfte gefeiert werden!<\/p>\n<p>Die Sommerferien standen unmittelbar bevor und f\u00fcr viele unserer Kinder&nbsp;bedeutet dies nach den Sommerferien auch neue Wege zu beschreiten.&nbsp;So werden nicht nur Kinder die Loewenwaldschule verlassen und in das &#8222;Berufsleben&#8220; starten sondern so werden aus den Reihen unserer Kindergartenkinder auch einige ihre Kindergartenzeit beenden und nach den Sommerferien die Loewenwaldschule besuchen.<\/p>\n<p>Die Teams der Krippe, der Kinderg\u00e4rten und der Loewenwaldschule&nbsp;haben es auch in diesem Jahr wieder geschafft,&nbsp;&nbsp;mit viel Liebe und Engagement ein buntes Programm f\u00fcr die kleinen und gro\u00dfen G\u00e4ste vorzubereiten. Bei hochsommerlichen Temperaturen wurde getanzt und gesungen. F\u00fcr die notwendige Abk\u00fchlung konnte man sich an der mittlerweile bekannten und nicht weniger beliebten Cocktailbar erfrischen.<\/p>\n<p>Leider mussten wir uns auch von unserer L\u00fctt`n Puma verabschieden, die uns \u00fcber viele, viele Jahre als ganz besonderes &#8222;Spielmobil&#8220; zur Verf\u00fcgung stand und unseren Kindern \u00fcber Generationen hinweg gro\u00dfe Freude bereitet hat. Aber wie es im Leben so ist &#8230;.alles hat seine Zeit und so haben wir L\u00fctt\u00b4n Puma in den wohlverdienten Ruhestand verabschiedet.<\/p>\n<p>Man darf gespannt sein, wer oder was in die Fu\u00dfstapfen unserer L\u00fctt\u00b4n Puma treten wird &#8230;<\/p>\n<p><a href=\"https:\/\/lebenleben.de\/wp-content\/uploads\/2015\/07\/Abschlussfest-Loewenwaldschule.png\"><br \/>\n<\/a><a href=\"https:\/\/lebenleben.de\/wp-content\/uploads\/2015\/07\/Abschlussfest-Loewenwaldschule.png\"><img loading=\"lazy\" decoding=\"async\" class=\"alignleft wp-image-6709 size-large\" src=\"https:\/\/lebenleben.de\/wp-content\/uploads\/2015\/07\/Abschlussfest-Loewenwaldschule-750x552.png\" alt=\"Abschlussfest Loewenwaldschule\" width=\"750\" height=\"552\"><\/a><\/p>\n<p>&nbsp;<\/p>\n<p>&nbsp;<\/p>\n<p>&nbsp;<\/p>\n","protected":false},"excerpt":{"rendered":"<p>Am 22.7.2015 war es endlich soweit! Auf dem Gel\u00e4nde des Kinder- und Jugendbereiches in der von-Estorff-Str. in Uelzen durfte gefeiert werden! Die Sommerferien standen unmittelbar bevor und f\u00fcr viele unserer Kinder&nbsp;bedeutet dies nach den Sommerferien auch neue Wege zu beschreiten.&nbsp;So werden nicht nur Kinder die Loewenwaldschule verlassen und in das &#8222;Berufsleben&#8220; starten sondern so werden [&hellip;]<\/p>\n","protected":false},"author":1,"featured_media":14095,"comment_status":"closed","ping_status":"closed","sticky":false,"template":"","format":"standard","meta":{"_acf_changed":false,"footnotes":""},"categories":[8,7],"tags":[],"class_list":["post-6286","post","type-post","status-publish","format-standard","has-post-thumbnail","hentry","category-loewenwaldschule","category-wunderland"],"acf":[],"yoast_head":"<!-- This site is optimized with the Yoast SEO plugin v27.3 - https:\/\/yoast.com\/product\/yoast-seo-wordpress\/ -->\n<title>Start in die Sommerferien - Leben leben Wunderland<\/title>\n<meta name=\"robots\" content=\"index, follow, max-snippet:-1, max-image-preview:large, max-video-preview:-1\" \/>\n<link rel=\"canonical\" href=\"https:\/\/lebenleben.de\/wunderland\/aktuelles\/aktuelle-beitraege\/2015\/07\/30\/start-in-die-sommerferien\/\" \/>\n<meta property=\"og:locale\" content=\"de_DE\" \/>\n<meta property=\"og:type\" content=\"article\" \/>\n<meta property=\"og:title\" content=\"Start in die Sommerferien - Leben leben Wunderland\" \/>\n<meta property=\"og:description\" content=\"Am 22.7.2015 war es endlich soweit! Auf dem Gel\u00e4nde des Kinder- und Jugendbereiches in der von-Estorff-Str. in Uelzen durfte gefeiert werden! Die Sommerferien standen unmittelbar bevor und f\u00fcr viele unserer Kinder&nbsp;bedeutet dies nach den Sommerferien auch neue Wege zu beschreiten.&nbsp;So werden nicht nur Kinder die Loewenwaldschule verlassen und in das &#8222;Berufsleben&#8220; starten sondern so werden [&hellip;]\" \/>\n<meta property=\"og:url\" content=\"https:\/\/lebenleben.de\/wunderland\/aktuelles\/aktuelle-beitraege\/2015\/07\/30\/start-in-die-sommerferien\/\" \/>\n<meta property=\"og:site_name\" content=\"Leben leben Wunderland\" \/>\n<meta property=\"article:published_time\" content=\"2015-07-30T10:03:40+00:00\" \/>\n<meta property=\"article:modified_time\" content=\"2024-05-28T09:00:29+00:00\" \/>\n<meta property=\"og:image\" content=\"https:\/\/lebenleben.de\/wunderland\/wp-content\/uploads\/sites\/9\/2015\/07\/Loewe-3-e15507679731411.jpg\" \/>\n\t<meta property=\"og:image:width\" content=\"1200\" \/>\n\t<meta property=\"og:image:height\" content=\"300\" \/>\n\t<meta property=\"og:image:type\" content=\"image\/jpeg\" \/>\n<meta name=\"author\" content=\"bjoern\" \/>\n<meta name=\"twitter:card\" content=\"summary_large_image\" \/>\n<meta name=\"twitter:label1\" content=\"Verfasst von\" \/>\n\t<meta name=\"twitter:data1\" content=\"bjoern\" \/>\n\t<meta name=\"twitter:label2\" content=\"Gesch\u00e4tzte Lesezeit\" \/>\n\t<meta name=\"twitter:data2\" content=\"2\u00a0Minuten\" \/>\n<script type=\"application\/ld+json\" class=\"yoast-schema-graph\">{\"@context\":\"https:\\\/\\\/schema.org\",\"@graph\":[{\"@type\":\"Article\",\"@id\":\"https:\\\/\\\/lebenleben.de\\\/wunderland\\\/aktuelles\\\/aktuelle-beitraege\\\/2015\\\/07\\\/30\\\/start-in-die-sommerferien\\\/#article\",\"isPartOf\":{\"@id\":\"https:\\\/\\\/lebenleben.de\\\/wunderland\\\/aktuelles\\\/aktuelle-beitraege\\\/2015\\\/07\\\/30\\\/start-in-die-sommerferien\\\/\"},\"author\":{\"name\":\"bjoern\",\"@id\":\"https:\\\/\\\/lebenleben.de\\\/wunderland\\\/#\\\/schema\\\/person\\\/d696b7f009e8fbbb086099ce8650d2d1\"},\"headline\":\"Start in die Sommerferien\",\"datePublished\":\"2015-07-30T10:03:40+00:00\",\"dateModified\":\"2024-05-28T09:00:29+00:00\",\"mainEntityOfPage\":{\"@id\":\"https:\\\/\\\/lebenleben.de\\\/wunderland\\\/aktuelles\\\/aktuelle-beitraege\\\/2015\\\/07\\\/30\\\/start-in-die-sommerferien\\\/\"},\"wordCount\":228,\"publisher\":{\"@id\":\"https:\\\/\\\/lebenleben.de\\\/wunderland\\\/#organization\"},\"image\":{\"@id\":\"https:\\\/\\\/lebenleben.de\\\/wunderland\\\/aktuelles\\\/aktuelle-beitraege\\\/2015\\\/07\\\/30\\\/start-in-die-sommerferien\\\/#primaryimage\"},\"thumbnailUrl\":\"https:\\\/\\\/lebenleben.de\\\/wunderland\\\/wp-content\\\/uploads\\\/sites\\\/9\\\/2015\\\/07\\\/Loewe-3-e15507679731411.jpg\",\"articleSection\":[\"Loewenwaldschule\",\"Wunderland\"],\"inLanguage\":\"de\"},{\"@type\":\"WebPage\",\"@id\":\"https:\\\/\\\/lebenleben.de\\\/wunderland\\\/aktuelles\\\/aktuelle-beitraege\\\/2015\\\/07\\\/30\\\/start-in-die-sommerferien\\\/\",\"url\":\"https:\\\/\\\/lebenleben.de\\\/wunderland\\\/aktuelles\\\/aktuelle-beitraege\\\/2015\\\/07\\\/30\\\/start-in-die-sommerferien\\\/\",\"name\":\"Start in die Sommerferien - Leben leben Wunderland\",\"isPartOf\":{\"@id\":\"https:\\\/\\\/lebenleben.de\\\/wunderland\\\/#website\"},\"primaryImageOfPage\":{\"@id\":\"https:\\\/\\\/lebenleben.de\\\/wunderland\\\/aktuelles\\\/aktuelle-beitraege\\\/2015\\\/07\\\/30\\\/start-in-die-sommerferien\\\/#primaryimage\"},\"image\":{\"@id\":\"https:\\\/\\\/lebenleben.de\\\/wunderland\\\/aktuelles\\\/aktuelle-beitraege\\\/2015\\\/07\\\/30\\\/start-in-die-sommerferien\\\/#primaryimage\"},\"thumbnailUrl\":\"https:\\\/\\\/lebenleben.de\\\/wunderland\\\/wp-content\\\/uploads\\\/sites\\\/9\\\/2015\\\/07\\\/Loewe-3-e15507679731411.jpg\",\"datePublished\":\"2015-07-30T10:03:40+00:00\",\"dateModified\":\"2024-05-28T09:00:29+00:00\",\"breadcrumb\":{\"@id\":\"https:\\\/\\\/lebenleben.de\\\/wunderland\\\/aktuelles\\\/aktuelle-beitraege\\\/2015\\\/07\\\/30\\\/start-in-die-sommerferien\\\/#breadcrumb\"},\"inLanguage\":\"de\",\"potentialAction\":[{\"@type\":\"ReadAction\",\"target\":[\"https:\\\/\\\/lebenleben.de\\\/wunderland\\\/aktuelles\\\/aktuelle-beitraege\\\/2015\\\/07\\\/30\\\/start-in-die-sommerferien\\\/\"]}]},{\"@type\":\"ImageObject\",\"inLanguage\":\"de\",\"@id\":\"https:\\\/\\\/lebenleben.de\\\/wunderland\\\/aktuelles\\\/aktuelle-beitraege\\\/2015\\\/07\\\/30\\\/start-in-die-sommerferien\\\/#primaryimage\",\"url\":\"https:\\\/\\\/lebenleben.de\\\/wunderland\\\/wp-content\\\/uploads\\\/sites\\\/9\\\/2015\\\/07\\\/Loewe-3-e15507679731411.jpg\",\"contentUrl\":\"https:\\\/\\\/lebenleben.de\\\/wunderland\\\/wp-content\\\/uploads\\\/sites\\\/9\\\/2015\\\/07\\\/Loewe-3-e15507679731411.jpg\",\"width\":1200,\"height\":300},{\"@type\":\"BreadcrumbList\",\"@id\":\"https:\\\/\\\/lebenleben.de\\\/wunderland\\\/aktuelles\\\/aktuelle-beitraege\\\/2015\\\/07\\\/30\\\/start-in-die-sommerferien\\\/#breadcrumb\",\"itemListElement\":[{\"@type\":\"ListItem\",\"position\":1,\"name\":\"Startseite\",\"item\":\"https:\\\/\\\/lebenleben.de\\\/wunderland\\\/\"},{\"@type\":\"ListItem\",\"position\":2,\"name\":\"Start in die Sommerferien\"}]},{\"@type\":\"WebSite\",\"@id\":\"https:\\\/\\\/lebenleben.de\\\/wunderland\\\/#website\",\"url\":\"https:\\\/\\\/lebenleben.de\\\/wunderland\\\/\",\"name\":\"Leben leben Wunderland\",\"description\":\"Eine weitere Leben Leben Netzwerk Website\",\"publisher\":{\"@id\":\"https:\\\/\\\/lebenleben.de\\\/wunderland\\\/#organization\"},\"potentialAction\":[{\"@type\":\"SearchAction\",\"target\":{\"@type\":\"EntryPoint\",\"urlTemplate\":\"https:\\\/\\\/lebenleben.de\\\/wunderland\\\/?s={search_term_string}\"},\"query-input\":{\"@type\":\"PropertyValueSpecification\",\"valueRequired\":true,\"valueName\":\"search_term_string\"}}],\"inLanguage\":\"de\"},{\"@type\":\"Organization\",\"@id\":\"https:\\\/\\\/lebenleben.de\\\/wunderland\\\/#organization\",\"name\":\"Leben leben Wunderland\",\"url\":\"https:\\\/\\\/lebenleben.de\\\/wunderland\\\/\",\"logo\":{\"@type\":\"ImageObject\",\"inLanguage\":\"de\",\"@id\":\"https:\\\/\\\/lebenleben.de\\\/wunderland\\\/#\\\/schema\\\/logo\\\/image\\\/\",\"url\":\"https:\\\/\\\/lebenleben.de\\\/wunderland\\\/wp-content\\\/uploads\\\/sites\\\/9\\\/2021\\\/01\\\/ll_favicon-green.png\",\"contentUrl\":\"https:\\\/\\\/lebenleben.de\\\/wunderland\\\/wp-content\\\/uploads\\\/sites\\\/9\\\/2021\\\/01\\\/ll_favicon-green.png\",\"width\":501,\"height\":501,\"caption\":\"Leben leben Wunderland\"},\"image\":{\"@id\":\"https:\\\/\\\/lebenleben.de\\\/wunderland\\\/#\\\/schema\\\/logo\\\/image\\\/\"}},{\"@type\":\"Person\",\"@id\":\"https:\\\/\\\/lebenleben.de\\\/wunderland\\\/#\\\/schema\\\/person\\\/d696b7f009e8fbbb086099ce8650d2d1\",\"name\":\"bjoern\",\"image\":{\"@type\":\"ImageObject\",\"inLanguage\":\"de\",\"@id\":\"https:\\\/\\\/secure.gravatar.com\\\/avatar\\\/fd8af8590fa7cca19e9f8fb436dab1bb0cbcfdb6e0ec5977998b686ad1a1db00?s=96&d=mm&r=g\",\"url\":\"https:\\\/\\\/secure.gravatar.com\\\/avatar\\\/fd8af8590fa7cca19e9f8fb436dab1bb0cbcfdb6e0ec5977998b686ad1a1db00?s=96&d=mm&r=g\",\"contentUrl\":\"https:\\\/\\\/secure.gravatar.com\\\/avatar\\\/fd8af8590fa7cca19e9f8fb436dab1bb0cbcfdb6e0ec5977998b686ad1a1db00?s=96&d=mm&r=g\",\"caption\":\"bjoern\"},\"sameAs\":[\"https:\\\/\\\/lebenleben.de\"],\"url\":\"https:\\\/\\\/lebenleben.de\\\/wunderland\\\/aktuelles\\\/aktuelle-beitraege\\\/author\\\/bjoern\\\/\"}]}<\/script>\n<!-- \/ Yoast SEO plugin. -->","yoast_head_json":{"title":"Start in die Sommerferien - Leben leben Wunderland","robots":{"index":"index","follow":"follow","max-snippet":"max-snippet:-1","max-image-preview":"max-image-preview:large","max-video-preview":"max-video-preview:-1"},"canonical":"https:\/\/lebenleben.de\/wunderland\/aktuelles\/aktuelle-beitraege\/2015\/07\/30\/start-in-die-sommerferien\/","og_locale":"de_DE","og_type":"article","og_title":"Start in die Sommerferien - Leben leben Wunderland","og_description":"Am 22.7.2015 war es endlich soweit! Auf dem Gel\u00e4nde des Kinder- und Jugendbereiches in der von-Estorff-Str. in Uelzen durfte gefeiert werden! Die Sommerferien standen unmittelbar bevor und f\u00fcr viele unserer Kinder&nbsp;bedeutet dies nach den Sommerferien auch neue Wege zu beschreiten.&nbsp;So werden nicht nur Kinder die Loewenwaldschule verlassen und in das &#8222;Berufsleben&#8220; starten sondern so werden [&hellip;]","og_url":"https:\/\/lebenleben.de\/wunderland\/aktuelles\/aktuelle-beitraege\/2015\/07\/30\/start-in-die-sommerferien\/","og_site_name":"Leben leben Wunderland","article_published_time":"2015-07-30T10:03:40+00:00","article_modified_time":"2024-05-28T09:00:29+00:00","og_image":[{"width":1200,"height":300,"url":"https:\/\/lebenleben.de\/wunderland\/wp-content\/uploads\/sites\/9\/2015\/07\/Loewe-3-e15507679731411.jpg","type":"image\/jpeg"}],"author":"bjoern","twitter_card":"summary_large_image","twitter_misc":{"Verfasst von":"bjoern","Gesch\u00e4tzte Lesezeit":"2\u00a0Minuten"},"schema":{"@context":"https:\/\/schema.org","@graph":[{"@type":"Article","@id":"https:\/\/lebenleben.de\/wunderland\/aktuelles\/aktuelle-beitraege\/2015\/07\/30\/start-in-die-sommerferien\/#article","isPartOf":{"@id":"https:\/\/lebenleben.de\/wunderland\/aktuelles\/aktuelle-beitraege\/2015\/07\/30\/start-in-die-sommerferien\/"},"author":{"name":"bjoern","@id":"https:\/\/lebenleben.de\/wunderland\/#\/schema\/person\/d696b7f009e8fbbb086099ce8650d2d1"},"headline":"Start in die Sommerferien","datePublished":"2015-07-30T10:03:40+00:00","dateModified":"2024-05-28T09:00:29+00:00","mainEntityOfPage":{"@id":"https:\/\/lebenleben.de\/wunderland\/aktuelles\/aktuelle-beitraege\/2015\/07\/30\/start-in-die-sommerferien\/"},"wordCount":228,"publisher":{"@id":"https:\/\/lebenleben.de\/wunderland\/#organization"},"image":{"@id":"https:\/\/lebenleben.de\/wunderland\/aktuelles\/aktuelle-beitraege\/2015\/07\/30\/start-in-die-sommerferien\/#primaryimage"},"thumbnailUrl":"https:\/\/lebenleben.de\/wunderland\/wp-content\/uploads\/sites\/9\/2015\/07\/Loewe-3-e15507679731411.jpg","articleSection":["Loewenwaldschule","Wunderland"],"inLanguage":"de"},{"@type":"WebPage","@id":"https:\/\/lebenleben.de\/wunderland\/aktuelles\/aktuelle-beitraege\/2015\/07\/30\/start-in-die-sommerferien\/","url":"https:\/\/lebenleben.de\/wunderland\/aktuelles\/aktuelle-beitraege\/2015\/07\/30\/start-in-die-sommerferien\/","name":"Start in die Sommerferien - Leben leben Wunderland","isPartOf":{"@id":"https:\/\/lebenleben.de\/wunderland\/#website"},"primaryImageOfPage":{"@id":"https:\/\/lebenleben.de\/wunderland\/aktuelles\/aktuelle-beitraege\/2015\/07\/30\/start-in-die-sommerferien\/#primaryimage"},"image":{"@id":"https:\/\/lebenleben.de\/wunderland\/aktuelles\/aktuelle-beitraege\/2015\/07\/30\/start-in-die-sommerferien\/#primaryimage"},"thumbnailUrl":"https:\/\/lebenleben.de\/wunderland\/wp-content\/uploads\/sites\/9\/2015\/07\/Loewe-3-e15507679731411.jpg","datePublished":"2015-07-30T10:03:40+00:00","dateModified":"2024-05-28T09:00:29+00:00","breadcrumb":{"@id":"https:\/\/lebenleben.de\/wunderland\/aktuelles\/aktuelle-beitraege\/2015\/07\/30\/start-in-die-sommerferien\/#breadcrumb"},"inLanguage":"de","potentialAction":[{"@type":"ReadAction","target":["https:\/\/lebenleben.de\/wunderland\/aktuelles\/aktuelle-beitraege\/2015\/07\/30\/start-in-die-sommerferien\/"]}]},{"@type":"ImageObject","inLanguage":"de","@id":"https:\/\/lebenleben.de\/wunderland\/aktuelles\/aktuelle-beitraege\/2015\/07\/30\/start-in-die-sommerferien\/#primaryimage","url":"https:\/\/lebenleben.de\/wunderland\/wp-content\/uploads\/sites\/9\/2015\/07\/Loewe-3-e15507679731411.jpg","contentUrl":"https:\/\/lebenleben.de\/wunderland\/wp-content\/uploads\/sites\/9\/2015\/07\/Loewe-3-e15507679731411.jpg","width":1200,"height":300},{"@type":"BreadcrumbList","@id":"https:\/\/lebenleben.de\/wunderland\/aktuelles\/aktuelle-beitraege\/2015\/07\/30\/start-in-die-sommerferien\/#breadcrumb","itemListElement":[{"@type":"ListItem","position":1,"name":"Startseite","item":"https:\/\/lebenleben.de\/wunderland\/"},{"@type":"ListItem","position":2,"name":"Start in die Sommerferien"}]},{"@type":"WebSite","@id":"https:\/\/lebenleben.de\/wunderland\/#website","url":"https:\/\/lebenleben.de\/wunderland\/","name":"Leben leben Wunderland","description":"Eine weitere Leben Leben Netzwerk Website","publisher":{"@id":"https:\/\/lebenleben.de\/wunderland\/#organization"},"potentialAction":[{"@type":"SearchAction","target":{"@type":"EntryPoint","urlTemplate":"https:\/\/lebenleben.de\/wunderland\/?s={search_term_string}"},"query-input":{"@type":"PropertyValueSpecification","valueRequired":true,"valueName":"search_term_string"}}],"inLanguage":"de"},{"@type":"Organization","@id":"https:\/\/lebenleben.de\/wunderland\/#organization","name":"Leben leben Wunderland","url":"https:\/\/lebenleben.de\/wunderland\/","logo":{"@type":"ImageObject","inLanguage":"de","@id":"https:\/\/lebenleben.de\/wunderland\/#\/schema\/logo\/image\/","url":"https:\/\/lebenleben.de\/wunderland\/wp-content\/uploads\/sites\/9\/2021\/01\/ll_favicon-green.png","contentUrl":"https:\/\/lebenleben.de\/wunderland\/wp-content\/uploads\/sites\/9\/2021\/01\/ll_favicon-green.png","width":501,"height":501,"caption":"Leben leben Wunderland"},"image":{"@id":"https:\/\/lebenleben.de\/wunderland\/#\/schema\/logo\/image\/"}},{"@type":"Person","@id":"https:\/\/lebenleben.de\/wunderland\/#\/schema\/person\/d696b7f009e8fbbb086099ce8650d2d1","name":"bjoern","image":{"@type":"ImageObject","inLanguage":"de","@id":"https:\/\/secure.gravatar.com\/avatar\/fd8af8590fa7cca19e9f8fb436dab1bb0cbcfdb6e0ec5977998b686ad1a1db00?s=96&d=mm&r=g","url":"https:\/\/secure.gravatar.com\/avatar\/fd8af8590fa7cca19e9f8fb436dab1bb0cbcfdb6e0ec5977998b686ad1a1db00?s=96&d=mm&r=g","contentUrl":"https:\/\/secure.gravatar.com\/avatar\/fd8af8590fa7cca19e9f8fb436dab1bb0cbcfdb6e0ec5977998b686ad1a1db00?s=96&d=mm&r=g","caption":"bjoern"},"sameAs":["https:\/\/lebenleben.de"],"url":"https:\/\/lebenleben.de\/wunderland\/aktuelles\/aktuelle-beitraege\/author\/bjoern\/"}]}},"_links":{"self":[{"href":"https:\/\/lebenleben.de\/wunderland\/wp-json\/wp\/v2\/posts\/6286","targetHints":{"allow":["GET"]}}],"collection":[{"href":"https:\/\/lebenleben.de\/wunderland\/wp-json\/wp\/v2\/posts"}],"about":[{"href":"https:\/\/lebenleben.de\/wunderland\/wp-json\/wp\/v2\/types\/post"}],"author":[{"embeddable":true,"href":"https:\/\/lebenleben.de\/wunderland\/wp-json\/wp\/v2\/users\/1"}],"replies":[{"embeddable":true,"href":"https:\/\/lebenleben.de\/wunderland\/wp-json\/wp\/v2\/comments?post=6286"}],"version-history":[{"count":2,"href":"https:\/\/lebenleben.de\/wunderland\/wp-json\/wp\/v2\/posts\/6286\/revisions"}],"predecessor-version":[{"id":14413,"href":"https:\/\/lebenleben.de\/wunderland\/wp-json\/wp\/v2\/posts\/6286\/revisions\/14413"}],"wp:featuredmedia":[{"embeddable":true,"href":"https:\/\/lebenleben.de\/wunderland\/wp-json\/wp\/v2\/media\/14095"}],"wp:attachment":[{"href":"https:\/\/lebenleben.de\/wunderland\/wp-json\/wp\/v2\/media?parent=6286"}],"wp:term":[{"taxonomy":"category","embeddable":true,"href":"https:\/\/lebenleben.de\/wunderland\/wp-json\/wp\/v2\/categories?post=6286"},{"taxonomy":"post_tag","embeddable":true,"href":"https:\/\/lebenleben.de\/wunderland\/wp-json\/wp\/v2\/tags?post=6286"}],"curies":[{"name":"wp","href":"https:\/\/api.w.org\/{rel}","templated":true}]}}