{"id":6839,"date":"2015-10-29T15:10:17","date_gmt":"2015-10-29T13:10:17","guid":{"rendered":"http:\/\/lebenleben.de\/?post_type=aktuelles&#038;p=6839"},"modified":"2024-05-28T11:00:45","modified_gmt":"2024-05-28T09:00:45","slug":"kleiderboerse-der-kindertagesstaette","status":"publish","type":"post","link":"https:\/\/lebenleben.de\/wunderland\/aktuelles\/aktuelle-beitraege\/2015\/10\/29\/kleiderboerse-der-kindertagesstaette\/","title":{"rendered":"Kleiderb\u00f6rse der Kindertagesst\u00e4tte"},"content":{"rendered":"<p>Anfang Oktober fand in Dannenberg zum 2. Mal eine Kleiderb\u00f6rse in der Kindertagesst\u00e4tte Wunderland statt.<\/p>\n<p>Die im Vorfeld geleistete gute Zusammenarbeit zwischen Elternbeirat und Betreuungskr\u00e4ften hat allen Teilnehmern einen gelungenen Nachmittag beschert.<\/p>\n<p>Es\u00a0wurde flei\u00dfig gest\u00f6bert\u00a0 und so manches Schn\u00e4ppchen konnte get\u00e4tigt werden, so dass man sich auf eine Neuauflage im kommenden Jahr sicher freuen darf.<\/p>\n","protected":false},"excerpt":{"rendered":"<p>Anfang Oktober fand in Dannenberg zum 2. Mal eine Kleiderb\u00f6rse in der Kindertagesst\u00e4tte Wunderland statt. Die im Vorfeld geleistete gute Zusammenarbeit zwischen Elternbeirat und Betreuungskr\u00e4ften hat allen Teilnehmern einen gelungenen Nachmittag beschert. Es\u00a0wurde flei\u00dfig gest\u00f6bert\u00a0 und so manches Schn\u00e4ppchen konnte get\u00e4tigt werden, so dass man sich auf eine Neuauflage im kommenden Jahr sicher freuen darf.<\/p>\n","protected":false},"author":1,"featured_media":0,"comment_status":"closed","ping_status":"closed","sticky":false,"template":"","format":"standard","meta":{"_acf_changed":false,"footnotes":""},"categories":[7],"tags":[],"class_list":["post-6839","post","type-post","status-publish","format-standard","hentry","category-wunderland"],"acf":[],"yoast_head":"<!-- This site is optimized with the Yoast SEO plugin v27.3 - https:\/\/yoast.com\/product\/yoast-seo-wordpress\/ -->\n<title>Kleiderb\u00f6rse der Kindertagesst\u00e4tte - Leben leben Wunderland<\/title>\n<meta name=\"robots\" content=\"index, follow, max-snippet:-1, max-image-preview:large, max-video-preview:-1\" \/>\n<link rel=\"canonical\" href=\"https:\/\/lebenleben.de\/wunderland\/aktuelles\/aktuelle-beitraege\/2015\/10\/29\/kleiderboerse-der-kindertagesstaette\/\" \/>\n<meta property=\"og:locale\" content=\"de_DE\" \/>\n<meta property=\"og:type\" content=\"article\" \/>\n<meta property=\"og:title\" content=\"Kleiderb\u00f6rse der Kindertagesst\u00e4tte - Leben leben Wunderland\" \/>\n<meta property=\"og:description\" content=\"Anfang Oktober fand in Dannenberg zum 2. Mal eine Kleiderb\u00f6rse in der Kindertagesst\u00e4tte Wunderland statt. Die im Vorfeld geleistete gute Zusammenarbeit zwischen Elternbeirat und Betreuungskr\u00e4ften hat allen Teilnehmern einen gelungenen Nachmittag beschert. Es\u00a0wurde flei\u00dfig gest\u00f6bert\u00a0 und so manches Schn\u00e4ppchen konnte get\u00e4tigt werden, so dass man sich auf eine Neuauflage im kommenden Jahr sicher freuen darf.\" \/>\n<meta property=\"og:url\" content=\"https:\/\/lebenleben.de\/wunderland\/aktuelles\/aktuelle-beitraege\/2015\/10\/29\/kleiderboerse-der-kindertagesstaette\/\" \/>\n<meta property=\"og:site_name\" content=\"Leben leben Wunderland\" \/>\n<meta property=\"article:published_time\" content=\"2015-10-29T13:10:17+00:00\" \/>\n<meta property=\"article:modified_time\" content=\"2024-05-28T09:00:45+00:00\" \/>\n<meta name=\"author\" content=\"bjoern\" \/>\n<meta name=\"twitter:card\" content=\"summary_large_image\" \/>\n<meta name=\"twitter:label1\" content=\"Verfasst von\" \/>\n\t<meta name=\"twitter:data1\" content=\"bjoern\" \/>\n\t<meta name=\"twitter:label2\" content=\"Gesch\u00e4tzte Lesezeit\" \/>\n\t<meta name=\"twitter:data2\" content=\"1\u00a0Minute\" \/>\n<script type=\"application\/ld+json\" class=\"yoast-schema-graph\">{\"@context\":\"https:\\\/\\\/schema.org\",\"@graph\":[{\"@type\":\"Article\",\"@id\":\"https:\\\/\\\/lebenleben.de\\\/wunderland\\\/aktuelles\\\/aktuelle-beitraege\\\/2015\\\/10\\\/29\\\/kleiderboerse-der-kindertagesstaette\\\/#article\",\"isPartOf\":{\"@id\":\"https:\\\/\\\/lebenleben.de\\\/wunderland\\\/aktuelles\\\/aktuelle-beitraege\\\/2015\\\/10\\\/29\\\/kleiderboerse-der-kindertagesstaette\\\/\"},\"author\":{\"name\":\"bjoern\",\"@id\":\"https:\\\/\\\/lebenleben.de\\\/wunderland\\\/#\\\/schema\\\/person\\\/d696b7f009e8fbbb086099ce8650d2d1\"},\"headline\":\"Kleiderb\u00f6rse der Kindertagesst\u00e4tte\",\"datePublished\":\"2015-10-29T13:10:17+00:00\",\"dateModified\":\"2024-05-28T09:00:45+00:00\",\"mainEntityOfPage\":{\"@id\":\"https:\\\/\\\/lebenleben.de\\\/wunderland\\\/aktuelles\\\/aktuelle-beitraege\\\/2015\\\/10\\\/29\\\/kleiderboerse-der-kindertagesstaette\\\/\"},\"wordCount\":67,\"publisher\":{\"@id\":\"https:\\\/\\\/lebenleben.de\\\/wunderland\\\/#organization\"},\"articleSection\":[\"Wunderland\"],\"inLanguage\":\"de\"},{\"@type\":\"WebPage\",\"@id\":\"https:\\\/\\\/lebenleben.de\\\/wunderland\\\/aktuelles\\\/aktuelle-beitraege\\\/2015\\\/10\\\/29\\\/kleiderboerse-der-kindertagesstaette\\\/\",\"url\":\"https:\\\/\\\/lebenleben.de\\\/wunderland\\\/aktuelles\\\/aktuelle-beitraege\\\/2015\\\/10\\\/29\\\/kleiderboerse-der-kindertagesstaette\\\/\",\"name\":\"Kleiderb\u00f6rse der Kindertagesst\u00e4tte - Leben leben Wunderland\",\"isPartOf\":{\"@id\":\"https:\\\/\\\/lebenleben.de\\\/wunderland\\\/#website\"},\"datePublished\":\"2015-10-29T13:10:17+00:00\",\"dateModified\":\"2024-05-28T09:00:45+00:00\",\"breadcrumb\":{\"@id\":\"https:\\\/\\\/lebenleben.de\\\/wunderland\\\/aktuelles\\\/aktuelle-beitraege\\\/2015\\\/10\\\/29\\\/kleiderboerse-der-kindertagesstaette\\\/#breadcrumb\"},\"inLanguage\":\"de\",\"potentialAction\":[{\"@type\":\"ReadAction\",\"target\":[\"https:\\\/\\\/lebenleben.de\\\/wunderland\\\/aktuelles\\\/aktuelle-beitraege\\\/2015\\\/10\\\/29\\\/kleiderboerse-der-kindertagesstaette\\\/\"]}]},{\"@type\":\"BreadcrumbList\",\"@id\":\"https:\\\/\\\/lebenleben.de\\\/wunderland\\\/aktuelles\\\/aktuelle-beitraege\\\/2015\\\/10\\\/29\\\/kleiderboerse-der-kindertagesstaette\\\/#breadcrumb\",\"itemListElement\":[{\"@type\":\"ListItem\",\"position\":1,\"name\":\"Startseite\",\"item\":\"https:\\\/\\\/lebenleben.de\\\/wunderland\\\/\"},{\"@type\":\"ListItem\",\"position\":2,\"name\":\"Kleiderb\u00f6rse der Kindertagesst\u00e4tte\"}]},{\"@type\":\"WebSite\",\"@id\":\"https:\\\/\\\/lebenleben.de\\\/wunderland\\\/#website\",\"url\":\"https:\\\/\\\/lebenleben.de\\\/wunderland\\\/\",\"name\":\"Leben leben Wunderland\",\"description\":\"Eine weitere Leben Leben Netzwerk Website\",\"publisher\":{\"@id\":\"https:\\\/\\\/lebenleben.de\\\/wunderland\\\/#organization\"},\"potentialAction\":[{\"@type\":\"SearchAction\",\"target\":{\"@type\":\"EntryPoint\",\"urlTemplate\":\"https:\\\/\\\/lebenleben.de\\\/wunderland\\\/?s={search_term_string}\"},\"query-input\":{\"@type\":\"PropertyValueSpecification\",\"valueRequired\":true,\"valueName\":\"search_term_string\"}}],\"inLanguage\":\"de\"},{\"@type\":\"Organization\",\"@id\":\"https:\\\/\\\/lebenleben.de\\\/wunderland\\\/#organization\",\"name\":\"Leben leben Wunderland\",\"url\":\"https:\\\/\\\/lebenleben.de\\\/wunderland\\\/\",\"logo\":{\"@type\":\"ImageObject\",\"inLanguage\":\"de\",\"@id\":\"https:\\\/\\\/lebenleben.de\\\/wunderland\\\/#\\\/schema\\\/logo\\\/image\\\/\",\"url\":\"https:\\\/\\\/lebenleben.de\\\/wunderland\\\/wp-content\\\/uploads\\\/sites\\\/9\\\/2021\\\/01\\\/ll_favicon-green.png\",\"contentUrl\":\"https:\\\/\\\/lebenleben.de\\\/wunderland\\\/wp-content\\\/uploads\\\/sites\\\/9\\\/2021\\\/01\\\/ll_favicon-green.png\",\"width\":501,\"height\":501,\"caption\":\"Leben leben Wunderland\"},\"image\":{\"@id\":\"https:\\\/\\\/lebenleben.de\\\/wunderland\\\/#\\\/schema\\\/logo\\\/image\\\/\"}},{\"@type\":\"Person\",\"@id\":\"https:\\\/\\\/lebenleben.de\\\/wunderland\\\/#\\\/schema\\\/person\\\/d696b7f009e8fbbb086099ce8650d2d1\",\"name\":\"bjoern\",\"image\":{\"@type\":\"ImageObject\",\"inLanguage\":\"de\",\"@id\":\"https:\\\/\\\/secure.gravatar.com\\\/avatar\\\/fd8af8590fa7cca19e9f8fb436dab1bb0cbcfdb6e0ec5977998b686ad1a1db00?s=96&d=mm&r=g\",\"url\":\"https:\\\/\\\/secure.gravatar.com\\\/avatar\\\/fd8af8590fa7cca19e9f8fb436dab1bb0cbcfdb6e0ec5977998b686ad1a1db00?s=96&d=mm&r=g\",\"contentUrl\":\"https:\\\/\\\/secure.gravatar.com\\\/avatar\\\/fd8af8590fa7cca19e9f8fb436dab1bb0cbcfdb6e0ec5977998b686ad1a1db00?s=96&d=mm&r=g\",\"caption\":\"bjoern\"},\"sameAs\":[\"https:\\\/\\\/lebenleben.de\"],\"url\":\"https:\\\/\\\/lebenleben.de\\\/wunderland\\\/aktuelles\\\/aktuelle-beitraege\\\/author\\\/bjoern\\\/\"}]}<\/script>\n<!-- \/ Yoast SEO plugin. -->","yoast_head_json":{"title":"Kleiderb\u00f6rse der Kindertagesst\u00e4tte - Leben leben Wunderland","robots":{"index":"index","follow":"follow","max-snippet":"max-snippet:-1","max-image-preview":"max-image-preview:large","max-video-preview":"max-video-preview:-1"},"canonical":"https:\/\/lebenleben.de\/wunderland\/aktuelles\/aktuelle-beitraege\/2015\/10\/29\/kleiderboerse-der-kindertagesstaette\/","og_locale":"de_DE","og_type":"article","og_title":"Kleiderb\u00f6rse der Kindertagesst\u00e4tte - Leben leben Wunderland","og_description":"Anfang Oktober fand in Dannenberg zum 2. Mal eine Kleiderb\u00f6rse in der Kindertagesst\u00e4tte Wunderland statt. Die im Vorfeld geleistete gute Zusammenarbeit zwischen Elternbeirat und Betreuungskr\u00e4ften hat allen Teilnehmern einen gelungenen Nachmittag beschert. Es\u00a0wurde flei\u00dfig gest\u00f6bert\u00a0 und so manches Schn\u00e4ppchen konnte get\u00e4tigt werden, so dass man sich auf eine Neuauflage im kommenden Jahr sicher freuen darf.","og_url":"https:\/\/lebenleben.de\/wunderland\/aktuelles\/aktuelle-beitraege\/2015\/10\/29\/kleiderboerse-der-kindertagesstaette\/","og_site_name":"Leben leben Wunderland","article_published_time":"2015-10-29T13:10:17+00:00","article_modified_time":"2024-05-28T09:00:45+00:00","author":"bjoern","twitter_card":"summary_large_image","twitter_misc":{"Verfasst von":"bjoern","Gesch\u00e4tzte Lesezeit":"1\u00a0Minute"},"schema":{"@context":"https:\/\/schema.org","@graph":[{"@type":"Article","@id":"https:\/\/lebenleben.de\/wunderland\/aktuelles\/aktuelle-beitraege\/2015\/10\/29\/kleiderboerse-der-kindertagesstaette\/#article","isPartOf":{"@id":"https:\/\/lebenleben.de\/wunderland\/aktuelles\/aktuelle-beitraege\/2015\/10\/29\/kleiderboerse-der-kindertagesstaette\/"},"author":{"name":"bjoern","@id":"https:\/\/lebenleben.de\/wunderland\/#\/schema\/person\/d696b7f009e8fbbb086099ce8650d2d1"},"headline":"Kleiderb\u00f6rse der Kindertagesst\u00e4tte","datePublished":"2015-10-29T13:10:17+00:00","dateModified":"2024-05-28T09:00:45+00:00","mainEntityOfPage":{"@id":"https:\/\/lebenleben.de\/wunderland\/aktuelles\/aktuelle-beitraege\/2015\/10\/29\/kleiderboerse-der-kindertagesstaette\/"},"wordCount":67,"publisher":{"@id":"https:\/\/lebenleben.de\/wunderland\/#organization"},"articleSection":["Wunderland"],"inLanguage":"de"},{"@type":"WebPage","@id":"https:\/\/lebenleben.de\/wunderland\/aktuelles\/aktuelle-beitraege\/2015\/10\/29\/kleiderboerse-der-kindertagesstaette\/","url":"https:\/\/lebenleben.de\/wunderland\/aktuelles\/aktuelle-beitraege\/2015\/10\/29\/kleiderboerse-der-kindertagesstaette\/","name":"Kleiderb\u00f6rse der Kindertagesst\u00e4tte - Leben leben Wunderland","isPartOf":{"@id":"https:\/\/lebenleben.de\/wunderland\/#website"},"datePublished":"2015-10-29T13:10:17+00:00","dateModified":"2024-05-28T09:00:45+00:00","breadcrumb":{"@id":"https:\/\/lebenleben.de\/wunderland\/aktuelles\/aktuelle-beitraege\/2015\/10\/29\/kleiderboerse-der-kindertagesstaette\/#breadcrumb"},"inLanguage":"de","potentialAction":[{"@type":"ReadAction","target":["https:\/\/lebenleben.de\/wunderland\/aktuelles\/aktuelle-beitraege\/2015\/10\/29\/kleiderboerse-der-kindertagesstaette\/"]}]},{"@type":"BreadcrumbList","@id":"https:\/\/lebenleben.de\/wunderland\/aktuelles\/aktuelle-beitraege\/2015\/10\/29\/kleiderboerse-der-kindertagesstaette\/#breadcrumb","itemListElement":[{"@type":"ListItem","position":1,"name":"Startseite","item":"https:\/\/lebenleben.de\/wunderland\/"},{"@type":"ListItem","position":2,"name":"Kleiderb\u00f6rse der Kindertagesst\u00e4tte"}]},{"@type":"WebSite","@id":"https:\/\/lebenleben.de\/wunderland\/#website","url":"https:\/\/lebenleben.de\/wunderland\/","name":"Leben leben Wunderland","description":"Eine weitere Leben Leben Netzwerk Website","publisher":{"@id":"https:\/\/lebenleben.de\/wunderland\/#organization"},"potentialAction":[{"@type":"SearchAction","target":{"@type":"EntryPoint","urlTemplate":"https:\/\/lebenleben.de\/wunderland\/?s={search_term_string}"},"query-input":{"@type":"PropertyValueSpecification","valueRequired":true,"valueName":"search_term_string"}}],"inLanguage":"de"},{"@type":"Organization","@id":"https:\/\/lebenleben.de\/wunderland\/#organization","name":"Leben leben Wunderland","url":"https:\/\/lebenleben.de\/wunderland\/","logo":{"@type":"ImageObject","inLanguage":"de","@id":"https:\/\/lebenleben.de\/wunderland\/#\/schema\/logo\/image\/","url":"https:\/\/lebenleben.de\/wunderland\/wp-content\/uploads\/sites\/9\/2021\/01\/ll_favicon-green.png","contentUrl":"https:\/\/lebenleben.de\/wunderland\/wp-content\/uploads\/sites\/9\/2021\/01\/ll_favicon-green.png","width":501,"height":501,"caption":"Leben leben Wunderland"},"image":{"@id":"https:\/\/lebenleben.de\/wunderland\/#\/schema\/logo\/image\/"}},{"@type":"Person","@id":"https:\/\/lebenleben.de\/wunderland\/#\/schema\/person\/d696b7f009e8fbbb086099ce8650d2d1","name":"bjoern","image":{"@type":"ImageObject","inLanguage":"de","@id":"https:\/\/secure.gravatar.com\/avatar\/fd8af8590fa7cca19e9f8fb436dab1bb0cbcfdb6e0ec5977998b686ad1a1db00?s=96&d=mm&r=g","url":"https:\/\/secure.gravatar.com\/avatar\/fd8af8590fa7cca19e9f8fb436dab1bb0cbcfdb6e0ec5977998b686ad1a1db00?s=96&d=mm&r=g","contentUrl":"https:\/\/secure.gravatar.com\/avatar\/fd8af8590fa7cca19e9f8fb436dab1bb0cbcfdb6e0ec5977998b686ad1a1db00?s=96&d=mm&r=g","caption":"bjoern"},"sameAs":["https:\/\/lebenleben.de"],"url":"https:\/\/lebenleben.de\/wunderland\/aktuelles\/aktuelle-beitraege\/author\/bjoern\/"}]}},"_links":{"self":[{"href":"https:\/\/lebenleben.de\/wunderland\/wp-json\/wp\/v2\/posts\/6839","targetHints":{"allow":["GET"]}}],"collection":[{"href":"https:\/\/lebenleben.de\/wunderland\/wp-json\/wp\/v2\/posts"}],"about":[{"href":"https:\/\/lebenleben.de\/wunderland\/wp-json\/wp\/v2\/types\/post"}],"author":[{"embeddable":true,"href":"https:\/\/lebenleben.de\/wunderland\/wp-json\/wp\/v2\/users\/1"}],"replies":[{"embeddable":true,"href":"https:\/\/lebenleben.de\/wunderland\/wp-json\/wp\/v2\/comments?post=6839"}],"version-history":[{"count":1,"href":"https:\/\/lebenleben.de\/wunderland\/wp-json\/wp\/v2\/posts\/6839\/revisions"}],"predecessor-version":[{"id":14414,"href":"https:\/\/lebenleben.de\/wunderland\/wp-json\/wp\/v2\/posts\/6839\/revisions\/14414"}],"wp:attachment":[{"href":"https:\/\/lebenleben.de\/wunderland\/wp-json\/wp\/v2\/media?parent=6839"}],"wp:term":[{"taxonomy":"category","embeddable":true,"href":"https:\/\/lebenleben.de\/wunderland\/wp-json\/wp\/v2\/categories?post=6839"},{"taxonomy":"post_tag","embeddable":true,"href":"https:\/\/lebenleben.de\/wunderland\/wp-json\/wp\/v2\/tags?post=6839"}],"curies":[{"name":"wp","href":"https:\/\/api.w.org\/{rel}","templated":true}]}}