{"id":7680,"date":"2016-08-22T14:48:41","date_gmt":"2016-08-22T12:48:41","guid":{"rendered":"http:\/\/lebenleben.de\/?post_type=aktuelles&#038;p=7680"},"modified":"2024-05-28T11:00:52","modified_gmt":"2024-05-28T09:00:52","slug":"offizielle-einweihung-anbau","status":"publish","type":"post","link":"https:\/\/lebenleben.de\/wunderland\/aktuelles\/aktuelle-beitraege\/2016\/08\/22\/offizielle-einweihung-anbau\/","title":{"rendered":"Offizielle Einweihung Anbau"},"content":{"rendered":"<p>Am Samstag, den 20.8., wurde der Anbau des Heilp\u00e4dagogischen und des Sprachheilkindergartens in der Von-Estorff-Stra\u00dfe offiziell eingeweiht. Im Kreise geladener G\u00e4ste, darunter Fachpersonal aus anderen Kinderbetreuungseinrichtungen, wurde die p\u00e4dagogische Arbeit der Kinderg\u00e4rten vorgestellt. Als Gastredner war Joachim Walter vom Nieders\u00e4chsischen Landesamt f\u00fcr Soziales, Jugend und Familie der Einladung gefolgt und&nbsp; in seinem Kurzvortrag Einblicke in die Sprachheilarbeit des Landes Niedersachsen erm\u00f6glicht.<\/p>\n<p>Die Gruppen beider sonderp\u00e4dagogischer Einrichtungen haben durch den Anbau mehr Raum f\u00fcr die individuelle F\u00f6rderung&nbsp;ihrer Kinder gewinnen k\u00f6nnen.<\/p>\n<p>Die Teams der Kinderg\u00e4rten hatten den Tag exzellent vorbereitet und stellten mit Hilfe verschiedener Schautafeln&nbsp;ihre Arbeit mit den Kindern dar.<\/p>\n<p>&nbsp;<\/p>\n","protected":false},"excerpt":{"rendered":"<p>Am Samstag, den 20.8., wurde der Anbau des Heilp\u00e4dagogischen und des Sprachheilkindergartens in der Von-Estorff-Stra\u00dfe offiziell eingeweiht. Im Kreise geladener G\u00e4ste, darunter Fachpersonal aus anderen Kinderbetreuungseinrichtungen, wurde die p\u00e4dagogische Arbeit der Kinderg\u00e4rten vorgestellt. Als Gastredner war Joachim Walter vom Nieders\u00e4chsischen Landesamt f\u00fcr Soziales, Jugend und Familie der Einladung gefolgt und&nbsp; in seinem Kurzvortrag Einblicke in [&hellip;]<\/p>\n","protected":false},"author":1,"featured_media":14093,"comment_status":"closed","ping_status":"closed","sticky":false,"template":"","format":"standard","meta":{"_acf_changed":false,"footnotes":""},"categories":[7],"tags":[],"class_list":["post-7680","post","type-post","status-publish","format-standard","has-post-thumbnail","hentry","category-wunderland"],"acf":[],"yoast_head":"<!-- This site is optimized with the Yoast SEO plugin v27.3 - https:\/\/yoast.com\/product\/yoast-seo-wordpress\/ -->\n<title>Offizielle Einweihung Anbau - Leben leben Wunderland<\/title>\n<meta name=\"robots\" content=\"index, follow, max-snippet:-1, max-image-preview:large, max-video-preview:-1\" \/>\n<link rel=\"canonical\" href=\"https:\/\/lebenleben.de\/wunderland\/aktuelles\/aktuelle-beitraege\/2016\/08\/22\/offizielle-einweihung-anbau\/\" \/>\n<meta property=\"og:locale\" content=\"de_DE\" \/>\n<meta property=\"og:type\" content=\"article\" \/>\n<meta property=\"og:title\" content=\"Offizielle Einweihung Anbau - Leben leben Wunderland\" \/>\n<meta property=\"og:description\" content=\"Am Samstag, den 20.8., wurde der Anbau des Heilp\u00e4dagogischen und des Sprachheilkindergartens in der Von-Estorff-Stra\u00dfe offiziell eingeweiht. Im Kreise geladener G\u00e4ste, darunter Fachpersonal aus anderen Kinderbetreuungseinrichtungen, wurde die p\u00e4dagogische Arbeit der Kinderg\u00e4rten vorgestellt. Als Gastredner war Joachim Walter vom Nieders\u00e4chsischen Landesamt f\u00fcr Soziales, Jugend und Familie der Einladung gefolgt und&nbsp; in seinem Kurzvortrag Einblicke in [&hellip;]\" \/>\n<meta property=\"og:url\" content=\"https:\/\/lebenleben.de\/wunderland\/aktuelles\/aktuelle-beitraege\/2016\/08\/22\/offizielle-einweihung-anbau\/\" \/>\n<meta property=\"og:site_name\" content=\"Leben leben Wunderland\" \/>\n<meta property=\"article:published_time\" content=\"2016-08-22T12:48:41+00:00\" \/>\n<meta property=\"article:modified_time\" content=\"2024-05-28T09:00:52+00:00\" \/>\n<meta property=\"og:image\" content=\"https:\/\/lebenleben.de\/wunderland\/wp-content\/uploads\/sites\/9\/2016\/08\/IMG_71181.jpg\" \/>\n\t<meta property=\"og:image:width\" content=\"1600\" \/>\n\t<meta property=\"og:image:height\" content=\"1066\" \/>\n\t<meta property=\"og:image:type\" content=\"image\/jpeg\" \/>\n<meta name=\"author\" content=\"bjoern\" \/>\n<meta name=\"twitter:card\" content=\"summary_large_image\" \/>\n<meta name=\"twitter:label1\" content=\"Verfasst von\" \/>\n\t<meta name=\"twitter:data1\" content=\"bjoern\" \/>\n\t<meta name=\"twitter:label2\" content=\"Gesch\u00e4tzte Lesezeit\" \/>\n\t<meta name=\"twitter:data2\" content=\"1\u00a0Minute\" \/>\n<script type=\"application\/ld+json\" class=\"yoast-schema-graph\">{\"@context\":\"https:\\\/\\\/schema.org\",\"@graph\":[{\"@type\":\"Article\",\"@id\":\"https:\\\/\\\/lebenleben.de\\\/wunderland\\\/aktuelles\\\/aktuelle-beitraege\\\/2016\\\/08\\\/22\\\/offizielle-einweihung-anbau\\\/#article\",\"isPartOf\":{\"@id\":\"https:\\\/\\\/lebenleben.de\\\/wunderland\\\/aktuelles\\\/aktuelle-beitraege\\\/2016\\\/08\\\/22\\\/offizielle-einweihung-anbau\\\/\"},\"author\":{\"name\":\"bjoern\",\"@id\":\"https:\\\/\\\/lebenleben.de\\\/wunderland\\\/#\\\/schema\\\/person\\\/d696b7f009e8fbbb086099ce8650d2d1\"},\"headline\":\"Offizielle Einweihung Anbau\",\"datePublished\":\"2016-08-22T12:48:41+00:00\",\"dateModified\":\"2024-05-28T09:00:52+00:00\",\"mainEntityOfPage\":{\"@id\":\"https:\\\/\\\/lebenleben.de\\\/wunderland\\\/aktuelles\\\/aktuelle-beitraege\\\/2016\\\/08\\\/22\\\/offizielle-einweihung-anbau\\\/\"},\"wordCount\":120,\"publisher\":{\"@id\":\"https:\\\/\\\/lebenleben.de\\\/wunderland\\\/#organization\"},\"image\":{\"@id\":\"https:\\\/\\\/lebenleben.de\\\/wunderland\\\/aktuelles\\\/aktuelle-beitraege\\\/2016\\\/08\\\/22\\\/offizielle-einweihung-anbau\\\/#primaryimage\"},\"thumbnailUrl\":\"https:\\\/\\\/lebenleben.de\\\/wunderland\\\/wp-content\\\/uploads\\\/sites\\\/9\\\/2016\\\/08\\\/IMG_71181.jpg\",\"articleSection\":[\"Wunderland\"],\"inLanguage\":\"de\"},{\"@type\":\"WebPage\",\"@id\":\"https:\\\/\\\/lebenleben.de\\\/wunderland\\\/aktuelles\\\/aktuelle-beitraege\\\/2016\\\/08\\\/22\\\/offizielle-einweihung-anbau\\\/\",\"url\":\"https:\\\/\\\/lebenleben.de\\\/wunderland\\\/aktuelles\\\/aktuelle-beitraege\\\/2016\\\/08\\\/22\\\/offizielle-einweihung-anbau\\\/\",\"name\":\"Offizielle Einweihung Anbau - Leben leben Wunderland\",\"isPartOf\":{\"@id\":\"https:\\\/\\\/lebenleben.de\\\/wunderland\\\/#website\"},\"primaryImageOfPage\":{\"@id\":\"https:\\\/\\\/lebenleben.de\\\/wunderland\\\/aktuelles\\\/aktuelle-beitraege\\\/2016\\\/08\\\/22\\\/offizielle-einweihung-anbau\\\/#primaryimage\"},\"image\":{\"@id\":\"https:\\\/\\\/lebenleben.de\\\/wunderland\\\/aktuelles\\\/aktuelle-beitraege\\\/2016\\\/08\\\/22\\\/offizielle-einweihung-anbau\\\/#primaryimage\"},\"thumbnailUrl\":\"https:\\\/\\\/lebenleben.de\\\/wunderland\\\/wp-content\\\/uploads\\\/sites\\\/9\\\/2016\\\/08\\\/IMG_71181.jpg\",\"datePublished\":\"2016-08-22T12:48:41+00:00\",\"dateModified\":\"2024-05-28T09:00:52+00:00\",\"breadcrumb\":{\"@id\":\"https:\\\/\\\/lebenleben.de\\\/wunderland\\\/aktuelles\\\/aktuelle-beitraege\\\/2016\\\/08\\\/22\\\/offizielle-einweihung-anbau\\\/#breadcrumb\"},\"inLanguage\":\"de\",\"potentialAction\":[{\"@type\":\"ReadAction\",\"target\":[\"https:\\\/\\\/lebenleben.de\\\/wunderland\\\/aktuelles\\\/aktuelle-beitraege\\\/2016\\\/08\\\/22\\\/offizielle-einweihung-anbau\\\/\"]}]},{\"@type\":\"ImageObject\",\"inLanguage\":\"de\",\"@id\":\"https:\\\/\\\/lebenleben.de\\\/wunderland\\\/aktuelles\\\/aktuelle-beitraege\\\/2016\\\/08\\\/22\\\/offizielle-einweihung-anbau\\\/#primaryimage\",\"url\":\"https:\\\/\\\/lebenleben.de\\\/wunderland\\\/wp-content\\\/uploads\\\/sites\\\/9\\\/2016\\\/08\\\/IMG_71181.jpg\",\"contentUrl\":\"https:\\\/\\\/lebenleben.de\\\/wunderland\\\/wp-content\\\/uploads\\\/sites\\\/9\\\/2016\\\/08\\\/IMG_71181.jpg\",\"width\":1600,\"height\":1066},{\"@type\":\"BreadcrumbList\",\"@id\":\"https:\\\/\\\/lebenleben.de\\\/wunderland\\\/aktuelles\\\/aktuelle-beitraege\\\/2016\\\/08\\\/22\\\/offizielle-einweihung-anbau\\\/#breadcrumb\",\"itemListElement\":[{\"@type\":\"ListItem\",\"position\":1,\"name\":\"Startseite\",\"item\":\"https:\\\/\\\/lebenleben.de\\\/wunderland\\\/\"},{\"@type\":\"ListItem\",\"position\":2,\"name\":\"Offizielle Einweihung Anbau\"}]},{\"@type\":\"WebSite\",\"@id\":\"https:\\\/\\\/lebenleben.de\\\/wunderland\\\/#website\",\"url\":\"https:\\\/\\\/lebenleben.de\\\/wunderland\\\/\",\"name\":\"Leben leben Wunderland\",\"description\":\"Eine weitere Leben Leben Netzwerk Website\",\"publisher\":{\"@id\":\"https:\\\/\\\/lebenleben.de\\\/wunderland\\\/#organization\"},\"potentialAction\":[{\"@type\":\"SearchAction\",\"target\":{\"@type\":\"EntryPoint\",\"urlTemplate\":\"https:\\\/\\\/lebenleben.de\\\/wunderland\\\/?s={search_term_string}\"},\"query-input\":{\"@type\":\"PropertyValueSpecification\",\"valueRequired\":true,\"valueName\":\"search_term_string\"}}],\"inLanguage\":\"de\"},{\"@type\":\"Organization\",\"@id\":\"https:\\\/\\\/lebenleben.de\\\/wunderland\\\/#organization\",\"name\":\"Leben leben Wunderland\",\"url\":\"https:\\\/\\\/lebenleben.de\\\/wunderland\\\/\",\"logo\":{\"@type\":\"ImageObject\",\"inLanguage\":\"de\",\"@id\":\"https:\\\/\\\/lebenleben.de\\\/wunderland\\\/#\\\/schema\\\/logo\\\/image\\\/\",\"url\":\"https:\\\/\\\/lebenleben.de\\\/wunderland\\\/wp-content\\\/uploads\\\/sites\\\/9\\\/2021\\\/01\\\/ll_favicon-green.png\",\"contentUrl\":\"https:\\\/\\\/lebenleben.de\\\/wunderland\\\/wp-content\\\/uploads\\\/sites\\\/9\\\/2021\\\/01\\\/ll_favicon-green.png\",\"width\":501,\"height\":501,\"caption\":\"Leben leben Wunderland\"},\"image\":{\"@id\":\"https:\\\/\\\/lebenleben.de\\\/wunderland\\\/#\\\/schema\\\/logo\\\/image\\\/\"}},{\"@type\":\"Person\",\"@id\":\"https:\\\/\\\/lebenleben.de\\\/wunderland\\\/#\\\/schema\\\/person\\\/d696b7f009e8fbbb086099ce8650d2d1\",\"name\":\"bjoern\",\"image\":{\"@type\":\"ImageObject\",\"inLanguage\":\"de\",\"@id\":\"https:\\\/\\\/secure.gravatar.com\\\/avatar\\\/fd8af8590fa7cca19e9f8fb436dab1bb0cbcfdb6e0ec5977998b686ad1a1db00?s=96&d=mm&r=g\",\"url\":\"https:\\\/\\\/secure.gravatar.com\\\/avatar\\\/fd8af8590fa7cca19e9f8fb436dab1bb0cbcfdb6e0ec5977998b686ad1a1db00?s=96&d=mm&r=g\",\"contentUrl\":\"https:\\\/\\\/secure.gravatar.com\\\/avatar\\\/fd8af8590fa7cca19e9f8fb436dab1bb0cbcfdb6e0ec5977998b686ad1a1db00?s=96&d=mm&r=g\",\"caption\":\"bjoern\"},\"sameAs\":[\"https:\\\/\\\/lebenleben.de\"],\"url\":\"https:\\\/\\\/lebenleben.de\\\/wunderland\\\/aktuelles\\\/aktuelle-beitraege\\\/author\\\/bjoern\\\/\"}]}<\/script>\n<!-- \/ Yoast SEO plugin. -->","yoast_head_json":{"title":"Offizielle Einweihung Anbau - Leben leben Wunderland","robots":{"index":"index","follow":"follow","max-snippet":"max-snippet:-1","max-image-preview":"max-image-preview:large","max-video-preview":"max-video-preview:-1"},"canonical":"https:\/\/lebenleben.de\/wunderland\/aktuelles\/aktuelle-beitraege\/2016\/08\/22\/offizielle-einweihung-anbau\/","og_locale":"de_DE","og_type":"article","og_title":"Offizielle Einweihung Anbau - Leben leben Wunderland","og_description":"Am Samstag, den 20.8., wurde der Anbau des Heilp\u00e4dagogischen und des Sprachheilkindergartens in der Von-Estorff-Stra\u00dfe offiziell eingeweiht. Im Kreise geladener G\u00e4ste, darunter Fachpersonal aus anderen Kinderbetreuungseinrichtungen, wurde die p\u00e4dagogische Arbeit der Kinderg\u00e4rten vorgestellt. Als Gastredner war Joachim Walter vom Nieders\u00e4chsischen Landesamt f\u00fcr Soziales, Jugend und Familie der Einladung gefolgt und&nbsp; in seinem Kurzvortrag Einblicke in [&hellip;]","og_url":"https:\/\/lebenleben.de\/wunderland\/aktuelles\/aktuelle-beitraege\/2016\/08\/22\/offizielle-einweihung-anbau\/","og_site_name":"Leben leben Wunderland","article_published_time":"2016-08-22T12:48:41+00:00","article_modified_time":"2024-05-28T09:00:52+00:00","og_image":[{"width":1600,"height":1066,"url":"https:\/\/lebenleben.de\/wunderland\/wp-content\/uploads\/sites\/9\/2016\/08\/IMG_71181.jpg","type":"image\/jpeg"}],"author":"bjoern","twitter_card":"summary_large_image","twitter_misc":{"Verfasst von":"bjoern","Gesch\u00e4tzte Lesezeit":"1\u00a0Minute"},"schema":{"@context":"https:\/\/schema.org","@graph":[{"@type":"Article","@id":"https:\/\/lebenleben.de\/wunderland\/aktuelles\/aktuelle-beitraege\/2016\/08\/22\/offizielle-einweihung-anbau\/#article","isPartOf":{"@id":"https:\/\/lebenleben.de\/wunderland\/aktuelles\/aktuelle-beitraege\/2016\/08\/22\/offizielle-einweihung-anbau\/"},"author":{"name":"bjoern","@id":"https:\/\/lebenleben.de\/wunderland\/#\/schema\/person\/d696b7f009e8fbbb086099ce8650d2d1"},"headline":"Offizielle Einweihung Anbau","datePublished":"2016-08-22T12:48:41+00:00","dateModified":"2024-05-28T09:00:52+00:00","mainEntityOfPage":{"@id":"https:\/\/lebenleben.de\/wunderland\/aktuelles\/aktuelle-beitraege\/2016\/08\/22\/offizielle-einweihung-anbau\/"},"wordCount":120,"publisher":{"@id":"https:\/\/lebenleben.de\/wunderland\/#organization"},"image":{"@id":"https:\/\/lebenleben.de\/wunderland\/aktuelles\/aktuelle-beitraege\/2016\/08\/22\/offizielle-einweihung-anbau\/#primaryimage"},"thumbnailUrl":"https:\/\/lebenleben.de\/wunderland\/wp-content\/uploads\/sites\/9\/2016\/08\/IMG_71181.jpg","articleSection":["Wunderland"],"inLanguage":"de"},{"@type":"WebPage","@id":"https:\/\/lebenleben.de\/wunderland\/aktuelles\/aktuelle-beitraege\/2016\/08\/22\/offizielle-einweihung-anbau\/","url":"https:\/\/lebenleben.de\/wunderland\/aktuelles\/aktuelle-beitraege\/2016\/08\/22\/offizielle-einweihung-anbau\/","name":"Offizielle Einweihung Anbau - Leben leben Wunderland","isPartOf":{"@id":"https:\/\/lebenleben.de\/wunderland\/#website"},"primaryImageOfPage":{"@id":"https:\/\/lebenleben.de\/wunderland\/aktuelles\/aktuelle-beitraege\/2016\/08\/22\/offizielle-einweihung-anbau\/#primaryimage"},"image":{"@id":"https:\/\/lebenleben.de\/wunderland\/aktuelles\/aktuelle-beitraege\/2016\/08\/22\/offizielle-einweihung-anbau\/#primaryimage"},"thumbnailUrl":"https:\/\/lebenleben.de\/wunderland\/wp-content\/uploads\/sites\/9\/2016\/08\/IMG_71181.jpg","datePublished":"2016-08-22T12:48:41+00:00","dateModified":"2024-05-28T09:00:52+00:00","breadcrumb":{"@id":"https:\/\/lebenleben.de\/wunderland\/aktuelles\/aktuelle-beitraege\/2016\/08\/22\/offizielle-einweihung-anbau\/#breadcrumb"},"inLanguage":"de","potentialAction":[{"@type":"ReadAction","target":["https:\/\/lebenleben.de\/wunderland\/aktuelles\/aktuelle-beitraege\/2016\/08\/22\/offizielle-einweihung-anbau\/"]}]},{"@type":"ImageObject","inLanguage":"de","@id":"https:\/\/lebenleben.de\/wunderland\/aktuelles\/aktuelle-beitraege\/2016\/08\/22\/offizielle-einweihung-anbau\/#primaryimage","url":"https:\/\/lebenleben.de\/wunderland\/wp-content\/uploads\/sites\/9\/2016\/08\/IMG_71181.jpg","contentUrl":"https:\/\/lebenleben.de\/wunderland\/wp-content\/uploads\/sites\/9\/2016\/08\/IMG_71181.jpg","width":1600,"height":1066},{"@type":"BreadcrumbList","@id":"https:\/\/lebenleben.de\/wunderland\/aktuelles\/aktuelle-beitraege\/2016\/08\/22\/offizielle-einweihung-anbau\/#breadcrumb","itemListElement":[{"@type":"ListItem","position":1,"name":"Startseite","item":"https:\/\/lebenleben.de\/wunderland\/"},{"@type":"ListItem","position":2,"name":"Offizielle Einweihung Anbau"}]},{"@type":"WebSite","@id":"https:\/\/lebenleben.de\/wunderland\/#website","url":"https:\/\/lebenleben.de\/wunderland\/","name":"Leben leben Wunderland","description":"Eine weitere Leben Leben Netzwerk Website","publisher":{"@id":"https:\/\/lebenleben.de\/wunderland\/#organization"},"potentialAction":[{"@type":"SearchAction","target":{"@type":"EntryPoint","urlTemplate":"https:\/\/lebenleben.de\/wunderland\/?s={search_term_string}"},"query-input":{"@type":"PropertyValueSpecification","valueRequired":true,"valueName":"search_term_string"}}],"inLanguage":"de"},{"@type":"Organization","@id":"https:\/\/lebenleben.de\/wunderland\/#organization","name":"Leben leben Wunderland","url":"https:\/\/lebenleben.de\/wunderland\/","logo":{"@type":"ImageObject","inLanguage":"de","@id":"https:\/\/lebenleben.de\/wunderland\/#\/schema\/logo\/image\/","url":"https:\/\/lebenleben.de\/wunderland\/wp-content\/uploads\/sites\/9\/2021\/01\/ll_favicon-green.png","contentUrl":"https:\/\/lebenleben.de\/wunderland\/wp-content\/uploads\/sites\/9\/2021\/01\/ll_favicon-green.png","width":501,"height":501,"caption":"Leben leben Wunderland"},"image":{"@id":"https:\/\/lebenleben.de\/wunderland\/#\/schema\/logo\/image\/"}},{"@type":"Person","@id":"https:\/\/lebenleben.de\/wunderland\/#\/schema\/person\/d696b7f009e8fbbb086099ce8650d2d1","name":"bjoern","image":{"@type":"ImageObject","inLanguage":"de","@id":"https:\/\/secure.gravatar.com\/avatar\/fd8af8590fa7cca19e9f8fb436dab1bb0cbcfdb6e0ec5977998b686ad1a1db00?s=96&d=mm&r=g","url":"https:\/\/secure.gravatar.com\/avatar\/fd8af8590fa7cca19e9f8fb436dab1bb0cbcfdb6e0ec5977998b686ad1a1db00?s=96&d=mm&r=g","contentUrl":"https:\/\/secure.gravatar.com\/avatar\/fd8af8590fa7cca19e9f8fb436dab1bb0cbcfdb6e0ec5977998b686ad1a1db00?s=96&d=mm&r=g","caption":"bjoern"},"sameAs":["https:\/\/lebenleben.de"],"url":"https:\/\/lebenleben.de\/wunderland\/aktuelles\/aktuelle-beitraege\/author\/bjoern\/"}]}},"_links":{"self":[{"href":"https:\/\/lebenleben.de\/wunderland\/wp-json\/wp\/v2\/posts\/7680","targetHints":{"allow":["GET"]}}],"collection":[{"href":"https:\/\/lebenleben.de\/wunderland\/wp-json\/wp\/v2\/posts"}],"about":[{"href":"https:\/\/lebenleben.de\/wunderland\/wp-json\/wp\/v2\/types\/post"}],"author":[{"embeddable":true,"href":"https:\/\/lebenleben.de\/wunderland\/wp-json\/wp\/v2\/users\/1"}],"replies":[{"embeddable":true,"href":"https:\/\/lebenleben.de\/wunderland\/wp-json\/wp\/v2\/comments?post=7680"}],"version-history":[{"count":2,"href":"https:\/\/lebenleben.de\/wunderland\/wp-json\/wp\/v2\/posts\/7680\/revisions"}],"predecessor-version":[{"id":14415,"href":"https:\/\/lebenleben.de\/wunderland\/wp-json\/wp\/v2\/posts\/7680\/revisions\/14415"}],"wp:featuredmedia":[{"embeddable":true,"href":"https:\/\/lebenleben.de\/wunderland\/wp-json\/wp\/v2\/media\/14093"}],"wp:attachment":[{"href":"https:\/\/lebenleben.de\/wunderland\/wp-json\/wp\/v2\/media?parent=7680"}],"wp:term":[{"taxonomy":"category","embeddable":true,"href":"https:\/\/lebenleben.de\/wunderland\/wp-json\/wp\/v2\/categories?post=7680"},{"taxonomy":"post_tag","embeddable":true,"href":"https:\/\/lebenleben.de\/wunderland\/wp-json\/wp\/v2\/tags?post=7680"}],"curies":[{"name":"wp","href":"https:\/\/api.w.org\/{rel}","templated":true}]}}